{"id":493129,"date":"2017-09-06T12:31:37","date_gmt":"2017-09-06T17:31:37","guid":{"rendered":"https:\/\/www.futboltotal.com.mx\/?p=493129"},"modified":"2017-09-06T12:33:30","modified_gmt":"2017-09-06T17:33:30","slug":"charla-charly-luis-chapito-montes-cerebro-del-leon","status":"publish","type":"post","link":"http:\/\/desarrollo.grupomedios.com\/futbol\/videos\/charla-charly-luis-chapito-montes-cerebro-del-leon\/2017\/09","title":{"rendered":"Charla con Charly | Luis &#8216;Chapito&#8217; Montes, el cerebro del Le\u00f3n"},"content":{"rendered":"<p>El mediocampista mexicano <strong>Luis Montes<\/strong>, talento del <strong>Le\u00f3n<\/strong>,\u00a0se mantiene como uno de los jugadores diferentes en la Liga MX, con la visi\u00f3n y t\u00e9cnica necesaria para cambiar el rumbo de un partido y en exclusiva\u00a0para\u00a0<strong>Charly F\u00fatbol<\/strong> y <strong>Futbol Total<\/strong>\u00a0revel\u00f3 una faceta no tan conocida del <em><strong>Chapito<\/strong><\/em>.<\/p>\n<p>El jugador surgido de la cantera del <strong>Pachuca<\/strong> no olvida sus or\u00edgenes, siendo oriundo de Ciudad Ju\u00e1rez, ni pierde de vista un potencial regreso a <strong>Selecci\u00f3n Mexicana<\/strong>.<\/p>\n<p>[video_player]https:\/\/player.vimeo.com\/external\/232567956.hd.mp4?s=cd10c97cea98b5ab9ad55e95526c964d2857e33f&amp;profile_id=174[\/video_player]<\/p>\n<p>La marca\u00a0<strong>Charly Futbol<\/strong>\u00a0sum\u00f3\u00a0a <strong>Montes<\/strong> al listado de figuras que usan su calzado y el futbolista habl\u00f3 sobre sus sue\u00f1os de disputar un Mundial con el <strong>Tri<\/strong>, sus gustos personales y m\u00e1s en esta <strong>Charla con Charly<\/strong>.<\/p>\n","protected":false},"excerpt":{"rendered":"<p>El talentoso mediocampista del Le\u00f3n habl\u00f3 de futbol y m\u00e1s en exclusiva.<\/p>\n","protected":false},"author":20,"featured_media":493134,"comment_status":"closed","ping_status":"closed","sticky":false,"template":"","format":"standard","meta":[],"categories":[7570,2198,3845,4],"tags":[7164,8593,8119,1108],"_links":{"self":[{"href":"http:\/\/desarrollo.grupomedios.com\/futbol\/wp-json\/wp\/v2\/posts\/493129"}],"collection":[{"href":"http:\/\/desarrollo.grupomedios.com\/futbol\/wp-json\/wp\/v2\/posts"}],"about":[{"href":"http:\/\/desarrollo.grupomedios.com\/futbol\/wp-json\/wp\/v2\/types\/post"}],"author":[{"embeddable":true,"href":"http:\/\/desarrollo.grupomedios.com\/futbol\/wp-json\/wp\/v2\/users\/20"}],"replies":[{"embeddable":true,"href":"http:\/\/desarrollo.grupomedios.com\/futbol\/wp-json\/wp\/v2\/comments?post=493129"}],"version-history":[{"count":4,"href":"http:\/\/desarrollo.grupomedios.com\/futbol\/wp-json\/wp\/v2\/posts\/493129\/revisions"}],"predecessor-version":[{"id":498455,"href":"http:\/\/desarrollo.grupomedios.com\/futbol\/wp-json\/wp\/v2\/posts\/493129\/revisions\/498455"}],"wp:featuredmedia":[{"embeddable":true,"href":"http:\/\/desarrollo.grupomedios.com\/futbol\/wp-json\/wp\/v2\/media\/493134"}],"wp:attachment":[{"href":"http:\/\/desarrollo.grupomedios.com\/futbol\/wp-json\/wp\/v2\/media?parent=493129"}],"wp:term":[{"taxonomy":"category","embeddable":true,"href":"http:\/\/desarrollo.grupomedios.com\/futbol\/wp-json\/wp\/v2\/categories?post=493129"},{"taxonomy":"post_tag","embeddable":true,"href":"http:\/\/desarrollo.grupomedios.com\/futbol\/wp-json\/wp\/v2\/tags?post=493129"}],"curies":[{"name":"wp","href":"https:\/\/api.w.org\/{rel}","templated":true}]}}