{"id":493132,"date":"2017-08-10T10:24:31","date_gmt":"2017-08-10T15:24:31","guid":{"rendered":"https:\/\/www.futboltotal.com.mx\/?p=493132"},"modified":"2017-08-10T11:00:53","modified_gmt":"2017-08-10T16:00:53","slug":"seleccion-mexicana-ocupa-lugar-14-en-ranking-fifa","status":"publish","type":"post","link":"http:\/\/desarrollo.grupomedios.com\/futbol\/destacado-home\/seleccion-mexicana-ocupa-lugar-14-en-ranking-fifa\/2017\/08","title":{"rendered":"Selecci\u00f3n Mexicana ocupa lugar 14 en ranking FIFA"},"content":{"rendered":"<p><strong>M\u00e9xico<\/strong> escal\u00f3 dos posiciones en el ranking <strong>FIFA<\/strong>, mientras que <strong>Brasil<\/strong> volvi\u00f3 a tomar el puesto como el n\u00famero uno.<\/p>\n<p>La Selecci\u00f3n Mexicana pas\u00f3 del puesto 16 al 14, despu\u00e9s de lo sucedido en <strong>Copa Confederaciones<\/strong> y <strong>Copa Oro<\/strong>.<\/p>\n<p style=\"text-align: center;\"><span style=\"color: #333399;\"><a style=\"color: #333399;\" href=\"https:\/\/www.futboltotal.com.mx\/2017\/08\/pavel-pardo-esta-inmiscuido-en-caso-rafa-marquez\/\" target=\"_blank\" rel=\"noopener noreferrer\">VER M\u00c1S: P\u00e1vel Pardo est\u00e1 inmiscuido en caso Rafa M\u00e1rquez<\/a><\/span><\/p>\n<p>Por su parte, <strong>Alemania, Argentina y Suiza<\/strong>, ocupan el segundo, tercero y cuarto lugar respectivamente. <strong>Polonia<\/strong> el quinto y <strong>Portugal<\/strong> el sexto por parte de Sudam\u00e9rica tambi\u00e9n se encuentran en s\u00e9ptimo y octavo lugar <strong>Colombia<\/strong> y <strong>Chile<\/strong>.<\/p>\n<p>El Top Ten lo completan <strong>B\u00e9lgica<\/strong> y <strong>Francia<\/strong>, en noveno y d\u00e9cimo puesto, respectivamente.<\/p>\n<p style=\"text-align: center;\"><span style=\"color: #333399;\"><a style=\"color: #333399;\" href=\"https:\/\/www.futboltotal.com.mx\/2017\/08\/borussia-dortmund-rechaza-oferta-barcelona-dembele\/\" target=\"_blank\" rel=\"noopener noreferrer\">VER M\u00c1S: Borussia Dortmund rechaz\u00f3 oferta de Barcelona por Dembel\u00e9<\/a><\/span><\/p>\n<p><a href=\"https:\/\/www.futboltotal.com.mx\/wp-content\/uploads\/2017\/08\/ranking-FIFA.jpg\"><img decoding=\"async\" loading=\"lazy\" class=\"alignnone size-full wp-image-493136\" src=\"https:\/\/www.futboltotal.com.mx\/wp-content\/uploads\/2017\/08\/ranking-FIFA.jpg\" alt=\"Selecci\u00f3n Mexicana ocupa lugar 14 en ranking FIFA 0\" srcset=\"http:\/\/desarrollo.grupomedios.com\/futbol\/wp-content\/uploads\/2017\/08\/ranking-FIFA.jpg 939w, http:\/\/desarrollo.grupomedios.com\/futbol\/wp-content\/uploads\/2017\/08\/ranking-FIFA-300x214.jpg 300w, http:\/\/desarrollo.grupomedios.com\/futbol\/wp-content\/uploads\/2017\/08\/ranking-FIFA-768x549.jpg 768w\" sizes=\"(max-width: 939px) 100vw, 939px\" \/><\/a><\/p>\n<p>&nbsp;<\/p>\n<p>&nbsp;<\/p>\n","protected":false},"excerpt":{"rendered":"<p>La selecci\u00f3n de Brasil se qued\u00f3 con el primer puesto <\/p>\n","protected":false},"author":20,"featured_media":483120,"comment_status":"closed","ping_status":"closed","sticky":false,"template":"","format":"standard","meta":[],"categories":[5,2198,3847],"tags":[6009,361,65,409],"_links":{"self":[{"href":"http:\/\/desarrollo.grupomedios.com\/futbol\/wp-json\/wp\/v2\/posts\/493132"}],"collection":[{"href":"http:\/\/desarrollo.grupomedios.com\/futbol\/wp-json\/wp\/v2\/posts"}],"about":[{"href":"http:\/\/desarrollo.grupomedios.com\/futbol\/wp-json\/wp\/v2\/types\/post"}],"author":[{"embeddable":true,"href":"http:\/\/desarrollo.grupomedios.com\/futbol\/wp-json\/wp\/v2\/users\/20"}],"replies":[{"embeddable":true,"href":"http:\/\/desarrollo.grupomedios.com\/futbol\/wp-json\/wp\/v2\/comments?post=493132"}],"version-history":[{"count":1,"href":"http:\/\/desarrollo.grupomedios.com\/futbol\/wp-json\/wp\/v2\/posts\/493132\/revisions"}],"predecessor-version":[{"id":493138,"href":"http:\/\/desarrollo.grupomedios.com\/futbol\/wp-json\/wp\/v2\/posts\/493132\/revisions\/493138"}],"wp:featuredmedia":[{"embeddable":true,"href":"http:\/\/desarrollo.grupomedios.com\/futbol\/wp-json\/wp\/v2\/media\/483120"}],"wp:attachment":[{"href":"http:\/\/desarrollo.grupomedios.com\/futbol\/wp-json\/wp\/v2\/media?parent=493132"}],"wp:term":[{"taxonomy":"category","embeddable":true,"href":"http:\/\/desarrollo.grupomedios.com\/futbol\/wp-json\/wp\/v2\/categories?post=493132"},{"taxonomy":"post_tag","embeddable":true,"href":"http:\/\/desarrollo.grupomedios.com\/futbol\/wp-json\/wp\/v2\/tags?post=493132"}],"curies":[{"name":"wp","href":"https:\/\/api.w.org\/{rel}","templated":true}]}}