{"id":493140,"date":"2017-08-10T10:50:22","date_gmt":"2017-08-10T15:50:22","guid":{"rendered":"https:\/\/www.futboltotal.com.mx\/?p=493140"},"modified":"2017-08-10T10:51:18","modified_gmt":"2017-08-10T15:51:18","slug":"guerreros-autlan-equipo-raul-flores-hernandez","status":"publish","type":"post","link":"http:\/\/desarrollo.grupomedios.com\/futbol\/futbol-mexicano\/guerreros-autlan-equipo-raul-flores-hernandez\/2017\/08","title":{"rendered":"Guerreros de Autl\u00e1n, el equipo de Ra\u00fal Flores Hern\u00e1ndez"},"content":{"rendered":"<p>El pasado mi\u00e9rcoles, el futbol mexicano fue sorprendido con el <span style=\"color: #3366ff;\"><a style=\"color: #3366ff;\" href=\"https:\/\/www.futboltotal.com.mx\/2017\/08\/acusan-a-rafael-marquez-de-vinculos-con-el-narcotrafico\/\" target=\"_blank\" rel=\"noopener noreferrer\">anuncio del Departamento del Tesoro de Estados Unidos donde se vinculaba a Rafael M\u00e1rquez<\/a><\/span> con el narcotraficante <strong>Ra\u00fal Flores Hern\u00e1ndez<\/strong>.<\/p>\n<p>Aunque el defensa mexicano ya neg\u00f3 las cosas, el caso del narcotraficante sigue relacionado con el futbol de M\u00e9xico, pues Flores Hern\u00e1ndez fue due\u00f1o de los <strong>Guerreros de Autl\u00e1n<\/strong> ,con raz\u00f3n social Club Deportivo Morumb\u00ed, el cual habr\u00eda sido una de sus principales fuentes para el lavado de dinero.<\/p>\n<p>Seg\u00fan la investigaci\u00f3n del gobierno estadounidense, el club era utilizado para desviar recursos y reclutaba jugadores que participaban en la Cuarta y Quinta Divisi\u00f3n contra las inferiores de Atlas, Chivas, Leones Negros y Tecos. Incluso se dice que varios jugadores que salieron de ese equipo, ahora militan en equipos de la Primera Divisi\u00f3n.<\/p>\n<p style=\"text-align: center;\"><span style=\"color: #3366ff;\"><a style=\"color: #3366ff;\" href=\"https:\/\/www.futboltotal.com.mx\/2017\/08\/pavel-pardo-esta-inmiscuido-en-caso-rafa-marquez\/\">VER M\u00c1S: Pavel Pardo est\u00e1 inmiscuido en caso Rafa M\u00e1rquez<\/a><\/span><\/p>\n<p><img decoding=\"async\" src=\"https:\/\/as00.epimg.net\/mexico\/imagenes\/2017\/08\/09\/futbol\/1502314518_714054_1502315199_noticia_normal.jpg\" \/><\/p>\n<p>El <em>Diario R\u00e9cord<\/em> informa que jugadores entre 13 y 14 a\u00f1os, recib\u00edan un salario entre 4 mil 500 y 5mil pesos al mes, adem\u00e0s de tener comida y hospedaje para entrenar en las instalaciones.<\/p>\n<p>Algunos jugadores del equipo y que surgieron de este proyecto son Armando Zamorano, que actualmente est\u00e1 con los Gallos Blancos del Quer\u00e9taro, David Andrade, quien milita en Santos, Leonardo Bedolla que estuvo con los Xolos y ahora milita en Tuxtla Premier, entre otros futbolistas.<\/p>\n<p>El club, inclusive cerr\u00f3 un convenio con Jaguares de Chiapas, donde los jugadores reclutados eran los encargados de disputar los duelos de visitante del conjunto chiapaneco de la categor\u00eda Sub 17.<\/p>\n<p>Tambi\u00e9n, el <strong>Club Deportivo Morumb\u00ed<\/strong> particip\u00f3 en algunos torneos internacionales, como la Copa Dallas en 2009, llamando la atenci\u00f3n de algunos equipos. <strong>Flores Hern\u00e1ndez<\/strong> dej\u00f3 de ser presidente en 2008, a\u00f1o en que los Guerreros desaparecieron de las categor\u00edas de ascenso del futbol mexicano.<\/p>\n<p>*Con informaci\u00f3n del Diario R\u00e9cord<\/p>\n","protected":false},"excerpt":{"rendered":"<p>El narcotraficante fue due\u00f1o de un equipo de ligas de ascenso.<\/p>\n","protected":false},"author":20,"featured_media":493145,"comment_status":"closed","ping_status":"closed","sticky":false,"template":"","format":"standard","meta":[],"categories":[7570,2198,3845],"tags":[3883,64,9696],"_links":{"self":[{"href":"http:\/\/desarrollo.grupomedios.com\/futbol\/wp-json\/wp\/v2\/posts\/493140"}],"collection":[{"href":"http:\/\/desarrollo.grupomedios.com\/futbol\/wp-json\/wp\/v2\/posts"}],"about":[{"href":"http:\/\/desarrollo.grupomedios.com\/futbol\/wp-json\/wp\/v2\/types\/post"}],"author":[{"embeddable":true,"href":"http:\/\/desarrollo.grupomedios.com\/futbol\/wp-json\/wp\/v2\/users\/20"}],"replies":[{"embeddable":true,"href":"http:\/\/desarrollo.grupomedios.com\/futbol\/wp-json\/wp\/v2\/comments?post=493140"}],"version-history":[{"count":2,"href":"http:\/\/desarrollo.grupomedios.com\/futbol\/wp-json\/wp\/v2\/posts\/493140\/revisions"}],"predecessor-version":[{"id":493148,"href":"http:\/\/desarrollo.grupomedios.com\/futbol\/wp-json\/wp\/v2\/posts\/493140\/revisions\/493148"}],"wp:featuredmedia":[{"embeddable":true,"href":"http:\/\/desarrollo.grupomedios.com\/futbol\/wp-json\/wp\/v2\/media\/493145"}],"wp:attachment":[{"href":"http:\/\/desarrollo.grupomedios.com\/futbol\/wp-json\/wp\/v2\/media?parent=493140"}],"wp:term":[{"taxonomy":"category","embeddable":true,"href":"http:\/\/desarrollo.grupomedios.com\/futbol\/wp-json\/wp\/v2\/categories?post=493140"},{"taxonomy":"post_tag","embeddable":true,"href":"http:\/\/desarrollo.grupomedios.com\/futbol\/wp-json\/wp\/v2\/tags?post=493140"}],"curies":[{"name":"wp","href":"https:\/\/api.w.org\/{rel}","templated":true}]}}