{"id":493150,"date":"2017-08-10T11:10:09","date_gmt":"2017-08-10T16:10:09","guid":{"rendered":"https:\/\/www.futboltotal.com.mx\/?p=493150"},"modified":"2017-08-10T11:10:09","modified_gmt":"2017-08-10T16:10:09","slug":"hacienda-congela-cuentas-rafa-marquez-en-mexico","status":"publish","type":"post","link":"http:\/\/desarrollo.grupomedios.com\/futbol\/uncategorized\/hacienda-congela-cuentas-rafa-marquez-en-mexico\/2017\/08","title":{"rendered":"Hacienda congela cuentas de Rafa M\u00e1rquez en M\u00e9xico"},"content":{"rendered":"<p>Los problemas para <strong>Rafael M\u00e1rquez<\/strong> siguen y ahora fue Hacienda quien congelo todas las cuentas bancarias del defensa mexicano mientras contin\u00faan las investigaciones que lo vincularon con el narcotr\u00e1fico.<\/p>\n<p>Seg\u00fan informa <em>El Financiero<\/em>, la Unidad de Inteligencia Financiera de la Secretar\u00eda de Hacienda y Cr\u00e9dito P\u00fablico orden\u00f3 congelar todas las cuentas bancarias <strong>M\u00e1rquez<\/strong> tiene en M\u00e9xico.<\/p>\n<p>El capit\u00e1n de la Selecci\u00f3n Mexicana no podr\u00e1 realizar ning\u00fan dep\u00f3sito ni retiro mientras avanzan las investigaciones por parte de ambos pa\u00edses, pues cabe recordar que tambi\u00e9n Estados Unidos hizo lo propio con sus cuentas.<\/p>\n<p style=\"text-align: center;\"><span style=\"color: #3366ff;\"><a style=\"color: #3366ff;\" href=\"https:\/\/www.futboltotal.com.mx\/2017\/08\/rafa-marquez-puede-desafiliado-del-futbol-mexicano\/\">VER M\u00c1S: Rafa M\u00e1rquez puede ser desafiliado del futbol mexicano<\/a><\/span><\/p>\n<p><a href=\"https:\/\/www.futboltotal.com.mx\/wp-content\/uploads\/2017\/08\/WhatsApp-Image-2017-08-09-at-16.09.19.jpg\"><img decoding=\"async\" loading=\"lazy\" class=\"size-full wp-image-493151 aligncenter\" src=\"https:\/\/www.futboltotal.com.mx\/wp-content\/uploads\/2017\/08\/WhatsApp-Image-2017-08-09-at-16.09.19.jpg\" alt=\"Hacienda congela cuentas de Rafa M\u00e1rquez en M\u00e9xico 0\" srcset=\"http:\/\/desarrollo.grupomedios.com\/futbol\/wp-content\/uploads\/2017\/08\/WhatsApp-Image-2017-08-09-at-16.09.19.jpg 774w, http:\/\/desarrollo.grupomedios.com\/futbol\/wp-content\/uploads\/2017\/08\/WhatsApp-Image-2017-08-09-at-16.09.19-300x262.jpg 300w, http:\/\/desarrollo.grupomedios.com\/futbol\/wp-content\/uploads\/2017\/08\/WhatsApp-Image-2017-08-09-at-16.09.19-768x672.jpg 768w\" sizes=\"(max-width: 774px) 100vw, 774px\" \/><\/a><\/p>\n","protected":false},"excerpt":{"rendered":"<p>El mexicano esperar\u00e1 a que terminen sus investigaciones.<\/p>\n","protected":false},"author":20,"featured_media":482788,"comment_status":"closed","ping_status":"closed","sticky":false,"template":"","format":"standard","meta":[],"categories":[1],"tags":[3883,6928,6033],"_links":{"self":[{"href":"http:\/\/desarrollo.grupomedios.com\/futbol\/wp-json\/wp\/v2\/posts\/493150"}],"collection":[{"href":"http:\/\/desarrollo.grupomedios.com\/futbol\/wp-json\/wp\/v2\/posts"}],"about":[{"href":"http:\/\/desarrollo.grupomedios.com\/futbol\/wp-json\/wp\/v2\/types\/post"}],"author":[{"embeddable":true,"href":"http:\/\/desarrollo.grupomedios.com\/futbol\/wp-json\/wp\/v2\/users\/20"}],"replies":[{"embeddable":true,"href":"http:\/\/desarrollo.grupomedios.com\/futbol\/wp-json\/wp\/v2\/comments?post=493150"}],"version-history":[{"count":1,"href":"http:\/\/desarrollo.grupomedios.com\/futbol\/wp-json\/wp\/v2\/posts\/493150\/revisions"}],"predecessor-version":[{"id":493152,"href":"http:\/\/desarrollo.grupomedios.com\/futbol\/wp-json\/wp\/v2\/posts\/493150\/revisions\/493152"}],"wp:featuredmedia":[{"embeddable":true,"href":"http:\/\/desarrollo.grupomedios.com\/futbol\/wp-json\/wp\/v2\/media\/482788"}],"wp:attachment":[{"href":"http:\/\/desarrollo.grupomedios.com\/futbol\/wp-json\/wp\/v2\/media?parent=493150"}],"wp:term":[{"taxonomy":"category","embeddable":true,"href":"http:\/\/desarrollo.grupomedios.com\/futbol\/wp-json\/wp\/v2\/categories?post=493150"},{"taxonomy":"post_tag","embeddable":true,"href":"http:\/\/desarrollo.grupomedios.com\/futbol\/wp-json\/wp\/v2\/tags?post=493150"}],"curies":[{"name":"wp","href":"https:\/\/api.w.org\/{rel}","templated":true}]}}