{"id":493166,"date":"2017-08-10T13:11:20","date_gmt":"2017-08-10T18:11:20","guid":{"rendered":"https:\/\/www.futboltotal.com.mx\/?p=493166"},"modified":"2017-08-10T13:11:20","modified_gmt":"2017-08-10T18:11:20","slug":"uriel-antuna-quiere-llamar-la-atencion-pep-guardiola","status":"publish","type":"post","link":"http:\/\/desarrollo.grupomedios.com\/futbol\/futbol-internacional\/uriel-antuna-quiere-llamar-la-atencion-pep-guardiola\/2017\/08","title":{"rendered":"Uriel Antuna quiere llamar la atenci\u00f3n de Pep Guardiola"},"content":{"rendered":"<p><strong>Uriel Antuna<\/strong>, reci\u00e9n llegado al <strong>Groningen<\/strong> de <strong>Holanda<\/strong>, que pertenece al\u00a0<strong>Football City Group<\/strong> y tiene en sus filas al <strong>Manchester City<\/strong>, est\u00e1 ilusionado con llenarle el ojo al estratega espa\u00f1ol, Josep Guardiola.<\/p>\n<blockquote><p>&#8220;Tengo metas: en dos a\u00f1os regresar al Manchester City, que <strong>Pep Guardiola<\/strong> se fije en m\u00ed, tirar a lo m\u00e1s alto. Primero quiero llegar, tener los mayores minutos posibles, luchar por ser titular, siempre he luchado por ser titular en cualquier equipo&#8221;, expres\u00f3 en una entrevista para <em>Marca Claro<\/em>.<\/p><\/blockquote>\n<p style=\"text-align: center;\"><span style=\"color: #333399;\"><a style=\"color: #333399;\" href=\"https:\/\/www.futboltotal.com.mx\/2017\/08\/pavel-pardo-esta-inmiscuido-en-caso-rafa-marquez\/\" target=\"_blank\" rel=\"noopener noreferrer\">VER M\u00c1S: P\u00e1vel Pardo, inmiscuido en caso Rafa M\u00e1rquez\u00a0<\/a><\/span><\/p>\n<p>Adem\u00e1s, expres\u00f3 su deseo por ser tomado en cuenta con la <strong>Selecci\u00f3n Nacional<\/strong> y que <strong>Juan Carlos Osorio<\/strong> tambi\u00e9n se fije en \u00e9l.<\/p>\n<blockquote><p>&#8220;Siempre me he trazado metas. El estar en selecci\u00f3n, as\u00ed sea Sub-15, Sub-17, Sub-20 y ahora estando all\u00e1 tener los mayores minutos y luchar para que Juan Carlos Osorio se fije en m\u00ed&#8221;, finaliz\u00f3 el joven jugador.<\/p><\/blockquote>\n<p style=\"text-align: center;\"><span style=\"color: #333399;\"><a style=\"color: #333399;\" href=\"https:\/\/www.futboltotal.com.mx\/2017\/08\/seleccion-mexicana-ocupa-lugar-14-en-ranking-fifa\/\" target=\"_blank\" rel=\"noopener noreferrer\">VER M\u00c1S: Selecci\u00f3n Mexicana sube puestos en ranking FIFA<\/a><\/span><\/p>\n","protected":false},"excerpt":{"rendered":"<p>El joven futbolista espera tambi\u00e9n espera un llamado al Tri<\/p>\n","protected":false},"author":20,"featured_media":488222,"comment_status":"closed","ping_status":"closed","sticky":false,"template":"","format":"standard","meta":[],"categories":[3839],"tags":[9670,6024,5993,1791,9357],"_links":{"self":[{"href":"http:\/\/desarrollo.grupomedios.com\/futbol\/wp-json\/wp\/v2\/posts\/493166"}],"collection":[{"href":"http:\/\/desarrollo.grupomedios.com\/futbol\/wp-json\/wp\/v2\/posts"}],"about":[{"href":"http:\/\/desarrollo.grupomedios.com\/futbol\/wp-json\/wp\/v2\/types\/post"}],"author":[{"embeddable":true,"href":"http:\/\/desarrollo.grupomedios.com\/futbol\/wp-json\/wp\/v2\/users\/20"}],"replies":[{"embeddable":true,"href":"http:\/\/desarrollo.grupomedios.com\/futbol\/wp-json\/wp\/v2\/comments?post=493166"}],"version-history":[{"count":1,"href":"http:\/\/desarrollo.grupomedios.com\/futbol\/wp-json\/wp\/v2\/posts\/493166\/revisions"}],"predecessor-version":[{"id":493185,"href":"http:\/\/desarrollo.grupomedios.com\/futbol\/wp-json\/wp\/v2\/posts\/493166\/revisions\/493185"}],"wp:featuredmedia":[{"embeddable":true,"href":"http:\/\/desarrollo.grupomedios.com\/futbol\/wp-json\/wp\/v2\/media\/488222"}],"wp:attachment":[{"href":"http:\/\/desarrollo.grupomedios.com\/futbol\/wp-json\/wp\/v2\/media?parent=493166"}],"wp:term":[{"taxonomy":"category","embeddable":true,"href":"http:\/\/desarrollo.grupomedios.com\/futbol\/wp-json\/wp\/v2\/categories?post=493166"},{"taxonomy":"post_tag","embeddable":true,"href":"http:\/\/desarrollo.grupomedios.com\/futbol\/wp-json\/wp\/v2\/tags?post=493166"}],"curies":[{"name":"wp","href":"https:\/\/api.w.org\/{rel}","templated":true}]}}