{"id":493195,"date":"2017-08-10T16:13:12","date_gmt":"2017-08-10T21:13:12","guid":{"rendered":"https:\/\/www.futboltotal.com.mx\/?p=493195"},"modified":"2017-08-10T16:13:12","modified_gmt":"2017-08-10T21:13:12","slug":"se-cae-la-asociacion-futbolistas-mexicanos","status":"publish","type":"post","link":"http:\/\/desarrollo.grupomedios.com\/futbol\/futbol-mexicano\/se-cae-la-asociacion-futbolistas-mexicanos\/2017\/08","title":{"rendered":"Se cae la Asociaci\u00f3n de Futbolistas Mexicanos"},"content":{"rendered":"<p>La creaci\u00f3n de la <strong>Asociaci\u00f3n de Futbolistas Mexicanos<\/strong> ha recibido un duro golpe, despu\u00e9s de la situaci\u00f3n que vive su l\u00edder, <strong>Rafa M\u00e1rquez<\/strong>.<\/p>\n<p>La cadena <em>ESPN<\/em> dio a conocer que futbolistas cercanos a los l\u00edderes de la asociaci\u00f3n dieron a conocer que por ahora el proyecto se cay\u00f3, y s\u00f3lo podr\u00eda reanudarse hasta que se aclare la situaci\u00f3n del jugador del <strong>Atlas<\/strong>.<\/p>\n<p style=\"text-align: center;\"><span style=\"color: #333399;\"><a style=\"color: #333399;\" href=\"https:\/\/www.futboltotal.com.mx\/2017\/08\/guardado-esta-seguro-que-el-caso-marquez-se-aclarara\/\">VER M\u00c1S: <span class=\"item-title\">Guardado est\u00e1 seguro que el caso M\u00e1rquez se aclarar\u00e1<\/span><\/a><\/span><\/p>\n<p>El lanzamiento de la Asociaci\u00f3n de Futbolistas Mexicanos A.C. se iba a dar en este mes, pero la situaci\u00f3n cambi\u00f3, y pese a que estaba cerca de ser avalada por la <strong>Federaci\u00f3n Mexicana de Futbol<\/strong>, el posible nexo con el narco entre el &#8216;k\u00e1iser&#8217; y el narcotraficante Ra\u00fal Flores Hern\u00e1ndez ha generado gran pol\u00e9mica.<\/p>\n<p>Por ahora, jugadores que ser\u00edan parte de la mesa directiva como Carlos Salcido o Christian &#8216;Chaco&#8217; Gim\u00e9nez no ha dado a conocer ninguna postura.<\/p>\n<p style=\"text-align: center;\"><span style=\"color: #333399;\"><a style=\"color: #333399;\" href=\"https:\/\/www.futboltotal.com.mx\/2017\/08\/atlas-espera-se-resuelva-caso-rafa-marquez-le-desea-exito\/\">VER M\u00c1S: <span class=\"item-title\">Atlas espera que se resuelva caso Rafa M\u00e1rquez y le desea \u00e9xito<\/span><\/a><\/span><\/p>\n<p>&nbsp;<\/p>\n","protected":false},"excerpt":{"rendered":"<p>Mientras no se resuelva la situaci\u00f3n del futbolista Rafa M\u00e1rquez<\/p>\n","protected":false},"author":20,"featured_media":493241,"comment_status":"closed","ping_status":"closed","sticky":false,"template":"","format":"standard","meta":[],"categories":[2198,3845],"tags":[9704,4358],"_links":{"self":[{"href":"http:\/\/desarrollo.grupomedios.com\/futbol\/wp-json\/wp\/v2\/posts\/493195"}],"collection":[{"href":"http:\/\/desarrollo.grupomedios.com\/futbol\/wp-json\/wp\/v2\/posts"}],"about":[{"href":"http:\/\/desarrollo.grupomedios.com\/futbol\/wp-json\/wp\/v2\/types\/post"}],"author":[{"embeddable":true,"href":"http:\/\/desarrollo.grupomedios.com\/futbol\/wp-json\/wp\/v2\/users\/20"}],"replies":[{"embeddable":true,"href":"http:\/\/desarrollo.grupomedios.com\/futbol\/wp-json\/wp\/v2\/comments?post=493195"}],"version-history":[{"count":1,"href":"http:\/\/desarrollo.grupomedios.com\/futbol\/wp-json\/wp\/v2\/posts\/493195\/revisions"}],"predecessor-version":[{"id":493242,"href":"http:\/\/desarrollo.grupomedios.com\/futbol\/wp-json\/wp\/v2\/posts\/493195\/revisions\/493242"}],"wp:featuredmedia":[{"embeddable":true,"href":"http:\/\/desarrollo.grupomedios.com\/futbol\/wp-json\/wp\/v2\/media\/493241"}],"wp:attachment":[{"href":"http:\/\/desarrollo.grupomedios.com\/futbol\/wp-json\/wp\/v2\/media?parent=493195"}],"wp:term":[{"taxonomy":"category","embeddable":true,"href":"http:\/\/desarrollo.grupomedios.com\/futbol\/wp-json\/wp\/v2\/categories?post=493195"},{"taxonomy":"post_tag","embeddable":true,"href":"http:\/\/desarrollo.grupomedios.com\/futbol\/wp-json\/wp\/v2\/tags?post=493195"}],"curies":[{"name":"wp","href":"https:\/\/api.w.org\/{rel}","templated":true}]}}