{"id":493196,"date":"2017-08-10T14:00:26","date_gmt":"2017-08-10T19:00:26","guid":{"rendered":"https:\/\/www.futboltotal.com.mx\/?p=493196"},"modified":"2017-08-10T14:01:15","modified_gmt":"2017-08-10T19:01:15","slug":"jersey-america-comparado-sofa-italiano-barato","status":"publish","type":"post","link":"http:\/\/desarrollo.grupomedios.com\/futbol\/futbol-mexicano\/jersey-america-comparado-sofa-italiano-barato\/2017\/08","title":{"rendered":"Jersey de Am\u00e9rica es comparado con sof\u00e1 italiano barato"},"content":{"rendered":"<p>Al parecer la nueva indumentaria del <strong>Am\u00e9rica<\/strong> no le ha gustado a todo el mundo y ahora la han catalogado como una de las 18 peores camisetas de la <strong>temporada 2017-2018<\/strong>.<\/p>\n<p>La revista especializada <em>FourFourTwo<\/em> lanz\u00f3 una lista con los peores uniformes para la presente temporada y la indumentaria del Am\u00e9rica fue una de las elegidas.<\/p>\n<p style=\"text-align: center;\"><span style=\"color: #333399;\"><a style=\"color: #333399;\" href=\"https:\/\/www.futboltotal.com.mx\/2017\/08\/seleccion-mexicana-ocupa-lugar-14-en-ranking-fifa\/\" target=\"_blank\" rel=\"noopener noreferrer\">VER M\u00c1S: Tri sube lugares en ranking FIFA<\/a><\/span><\/p>\n<p>&#8220;\u00bfQu\u00e9 son estas extra\u00f1as cosas de diamantes azules?&#8221;, pregunta la publicaci\u00f3n, adem\u00e1s de <strong>&#8220;\u00bfQu\u00e9 pasa con el extra\u00f1o acabado en crema que hace que parezca un sof\u00e1 italiano &#8216;barato&#8217;?&#8221;<\/strong>, quej\u00e1ndose del dise\u00f1o realizado por la marca Nike.<\/p>\n<p>Por \u00faltimo, se quejan del tama\u00f1o en los dos patrocinadores que tienen al frente, pues argumentan, ocupan mucho espacio.<\/p>\n<p><a href=\"https:\/\/www.futboltotal.com.mx\/wp-content\/uploads\/2017\/08\/ame-jersey-feo.jpg\"><img decoding=\"async\" loading=\"lazy\" class=\"alignnone size-full wp-image-493201\" src=\"https:\/\/www.futboltotal.com.mx\/wp-content\/uploads\/2017\/08\/ame-jersey-feo.jpg\" alt=\"Jersey de Am\u00e9rica es comparado con sof\u00e1 italiano barato 0\" srcset=\"http:\/\/desarrollo.grupomedios.com\/futbol\/wp-content\/uploads\/2017\/08\/ame-jersey-feo.jpg 788w, http:\/\/desarrollo.grupomedios.com\/futbol\/wp-content\/uploads\/2017\/08\/ame-jersey-feo-300x228.jpg 300w, http:\/\/desarrollo.grupomedios.com\/futbol\/wp-content\/uploads\/2017\/08\/ame-jersey-feo-768x583.jpg 768w\" sizes=\"(max-width: 788px) 100vw, 788px\" \/><\/a><\/p>\n<p>Otras de las camisetas que aparecen en la publicaci\u00f3n son las del <strong>Atl\u00e9tico de Madrid<\/strong> como local, la tercera camiseta de la <strong>Juventus<\/strong>, la tercera del <strong>Real Madrid<\/strong> y la de visitante del <strong>Liverpool<\/strong>.<\/p>\n<p style=\"text-align: center;\"><span style=\"color: #333399;\"><a style=\"color: #333399;\" href=\"https:\/\/www.futboltotal.com.mx\/2017\/08\/dario-benedetto-recibe-cinturon-la-wwe\/\" target=\"_blank\" rel=\"noopener noreferrer\">VER M\u00c1S: Dar\u00edo Benedetto recibe cintur\u00f3n de la WWE<\/a><\/span><\/p>\n","protected":false},"excerpt":{"rendered":"<p>La revista consider\u00f3 la indumentaria de las \u00c1guilas como una de las peores<\/p>\n","protected":false},"author":20,"featured_media":491335,"comment_status":"closed","ping_status":"closed","sticky":false,"template":"","format":"standard","meta":[],"categories":[2198,3845],"tags":[1585,5959,1624],"_links":{"self":[{"href":"http:\/\/desarrollo.grupomedios.com\/futbol\/wp-json\/wp\/v2\/posts\/493196"}],"collection":[{"href":"http:\/\/desarrollo.grupomedios.com\/futbol\/wp-json\/wp\/v2\/posts"}],"about":[{"href":"http:\/\/desarrollo.grupomedios.com\/futbol\/wp-json\/wp\/v2\/types\/post"}],"author":[{"embeddable":true,"href":"http:\/\/desarrollo.grupomedios.com\/futbol\/wp-json\/wp\/v2\/users\/20"}],"replies":[{"embeddable":true,"href":"http:\/\/desarrollo.grupomedios.com\/futbol\/wp-json\/wp\/v2\/comments?post=493196"}],"version-history":[{"count":2,"href":"http:\/\/desarrollo.grupomedios.com\/futbol\/wp-json\/wp\/v2\/posts\/493196\/revisions"}],"predecessor-version":[{"id":493203,"href":"http:\/\/desarrollo.grupomedios.com\/futbol\/wp-json\/wp\/v2\/posts\/493196\/revisions\/493203"}],"wp:featuredmedia":[{"embeddable":true,"href":"http:\/\/desarrollo.grupomedios.com\/futbol\/wp-json\/wp\/v2\/media\/491335"}],"wp:attachment":[{"href":"http:\/\/desarrollo.grupomedios.com\/futbol\/wp-json\/wp\/v2\/media?parent=493196"}],"wp:term":[{"taxonomy":"category","embeddable":true,"href":"http:\/\/desarrollo.grupomedios.com\/futbol\/wp-json\/wp\/v2\/categories?post=493196"},{"taxonomy":"post_tag","embeddable":true,"href":"http:\/\/desarrollo.grupomedios.com\/futbol\/wp-json\/wp\/v2\/tags?post=493196"}],"curies":[{"name":"wp","href":"https:\/\/api.w.org\/{rel}","templated":true}]}}