{"id":493215,"date":"2017-08-10T14:47:15","date_gmt":"2017-08-10T19:47:15","guid":{"rendered":"https:\/\/www.futboltotal.com.mx\/?p=493215"},"modified":"2017-08-10T14:47:15","modified_gmt":"2017-08-10T19:47:15","slug":"herrera-descarta-a-dos-extranjeros-para-juego-ante-atlas","status":"publish","type":"post","link":"http:\/\/desarrollo.grupomedios.com\/futbol\/uncategorized\/herrera-descarta-a-dos-extranjeros-para-juego-ante-atlas\/2017\/08","title":{"rendered":"Herrera descarta a dos extranjeros para juego ante Atlas"},"content":{"rendered":"<p><a href=\"https:\/\/www.futboltotal.com.mx\/2017\/08\/jersey-america-comparado-sofa-italiano-barato\/\" target=\"_blank\" rel=\"noopener noreferrer\"><span style=\"color: #333399;\"><strong>Am\u00e9rica<\/strong><\/span><\/a> se medir\u00e1 el d\u00eda de ma\u00f1ana a los <em>Rojinegros<\/em> del <a href=\"https:\/\/www.futboltotal.com.mx\/2017\/08\/rafa-marquez-provoca-atlas-no-se-tome-la-foto-oficial\/\" target=\"_blank\" rel=\"noopener noreferrer\"><span style=\"color: #333399;\"><strong>Atlas<\/strong><\/span><\/a> en la cancha del <strong>Estadio Jalisco<\/strong>, y para ello tuvo que prescindir de dos de sus extranjeros, as\u00ed lo inform\u00f3 el t\u00e9cnico azulcrema, <a href=\"https:\/\/www.futboltotal.com.mx\/2017\/08\/miguel-herrera-enfadado-america-tire-penales-a-lo-panenka\/\" target=\"_blank\" rel=\"noopener noreferrer\"><span style=\"color: #333399;\"><strong>Miguel Herrera<\/strong><\/span><\/a>, en conferencia de prensa.<\/p>\n<p style=\"text-align: center;\"><a href=\"https:\/\/www.futboltotal.com.mx\/2017\/08\/arbitro-festeja-triunfo-jugadores-barcelona\/\" target=\"_blank\" rel=\"noopener noreferrer\"><span style=\"color: #333399;\">VER M\u00c1S:\u00a0\u00c1rbitro festeja triunfo con jugadores de Barcelona<\/span><\/a><\/p>\n<blockquote><p>\u201cLos que se quedan son William y Mateus. Uribe porque notamos que termin\u00f3 cansado despu\u00e9s del partido, normal con la altura y la exigencia, y no arriesgaremos nada\u201d.<\/p>\n<p>\u201cDa Silva porque desafortunadamente tenemos que hacer cambios y tenemos que ver qui\u00e9nes ser\u00e1n los nueve que saldr\u00e1n\u201d.<\/p><\/blockquote>\n<p style=\"text-align: center;\"><a href=\"https:\/\/www.futboltotal.com.mx\/2017\/08\/tecnico-armara-a-los-angeles-fc-en-torno-a-vela\/\" target=\"_blank\" rel=\"noopener noreferrer\"><span style=\"color: #333399;\">VER M\u00c1S:\u00a0T\u00e9cnico armar\u00e1 a Los \u00c1ngeles FC en torno a Vela<\/span><\/a><\/p>\n<p>Esta problem\u00e1tica tendr\u00e1 que resolverla semana a semana el timonel americanista debido a la regla 9\/9, la cual entr\u00f3 en vigor en el presente certamen.<\/p>\n","protected":false},"excerpt":{"rendered":"<p>Am\u00e9rica tendr\u00e1 tremenda bronca semana a semana<\/p>\n","protected":false},"author":20,"featured_media":487162,"comment_status":"closed","ping_status":"closed","sticky":false,"template":"","format":"standard","meta":[],"categories":[1],"tags":[5959,9701,255,7797],"_links":{"self":[{"href":"http:\/\/desarrollo.grupomedios.com\/futbol\/wp-json\/wp\/v2\/posts\/493215"}],"collection":[{"href":"http:\/\/desarrollo.grupomedios.com\/futbol\/wp-json\/wp\/v2\/posts"}],"about":[{"href":"http:\/\/desarrollo.grupomedios.com\/futbol\/wp-json\/wp\/v2\/types\/post"}],"author":[{"embeddable":true,"href":"http:\/\/desarrollo.grupomedios.com\/futbol\/wp-json\/wp\/v2\/users\/20"}],"replies":[{"embeddable":true,"href":"http:\/\/desarrollo.grupomedios.com\/futbol\/wp-json\/wp\/v2\/comments?post=493215"}],"version-history":[{"count":1,"href":"http:\/\/desarrollo.grupomedios.com\/futbol\/wp-json\/wp\/v2\/posts\/493215\/revisions"}],"predecessor-version":[{"id":493216,"href":"http:\/\/desarrollo.grupomedios.com\/futbol\/wp-json\/wp\/v2\/posts\/493215\/revisions\/493216"}],"wp:featuredmedia":[{"embeddable":true,"href":"http:\/\/desarrollo.grupomedios.com\/futbol\/wp-json\/wp\/v2\/media\/487162"}],"wp:attachment":[{"href":"http:\/\/desarrollo.grupomedios.com\/futbol\/wp-json\/wp\/v2\/media?parent=493215"}],"wp:term":[{"taxonomy":"category","embeddable":true,"href":"http:\/\/desarrollo.grupomedios.com\/futbol\/wp-json\/wp\/v2\/categories?post=493215"},{"taxonomy":"post_tag","embeddable":true,"href":"http:\/\/desarrollo.grupomedios.com\/futbol\/wp-json\/wp\/v2\/tags?post=493215"}],"curies":[{"name":"wp","href":"https:\/\/api.w.org\/{rel}","templated":true}]}}