{"id":493218,"date":"2017-08-10T15:09:55","date_gmt":"2017-08-10T20:09:55","guid":{"rendered":"https:\/\/www.futboltotal.com.mx\/?p=493218"},"modified":"2017-08-10T15:09:55","modified_gmt":"2017-08-10T20:09:55","slug":"la-volpe-muestra-apoyo-a-rafa-marquez","status":"publish","type":"post","link":"http:\/\/desarrollo.grupomedios.com\/futbol\/futbol-mexicano\/la-volpe-muestra-apoyo-a-rafa-marquez\/2017\/08","title":{"rendered":"La Volpe muestra su apoyo a Rafa M\u00e1rquez"},"content":{"rendered":"<p>El estratega, <strong>Ricardo La Volpe<\/strong> se pronunci\u00f3 al respecto del caso <strong>Rafa M\u00e1rquez<\/strong>, quien est\u00e1\u00a0bajo una investigaci\u00f3n por el <strong>Departamento del Tesoro<\/strong> de Estados Unidos, debido a una supuesta vinculaci\u00f3n con el narcotraficante\u00a0<strong>Ra\u00fal Flores Hern\u00e1ndez.<\/strong><\/p>\n<p>La Volpe lanz\u00f3 dos publicaciones a trav\u00e9s de su cuenta de <strong>Twitter<\/strong>; en la primera indic\u00f3 que lo conoce bien desde que era muy joven.<\/p>\n<blockquote class=\"twitter-tweet\" data-lang=\"es\">\n<p dir=\"ltr\" lang=\"es\">Por \u00faltimo, quiero decir que a Rafa lo conozco desde que ten\u00eda 19 a\u00f1os, conozco bien sus inicios.<\/p>\n<p>\u2014 Ricardo A La Volpe (@RicardoLaVolpeG) <a href=\"https:\/\/twitter.com\/RicardoLaVolpeG\/status\/895731930313838592\">10 de agosto de 2017<\/a><\/p><\/blockquote>\n<p><script async src=\"\/\/platform.twitter.com\/widgets.js\" charset=\"utf-8\"><\/script><\/p>\n<p style=\"text-align: center;\"><span style=\"color: #333399;\"><a style=\"color: #333399;\" href=\"https:\/\/www.futboltotal.com.mx\/2017\/08\/arbitro-festeja-triunfo-jugadores-barcelona\/\" target=\"_blank\" rel=\"noopener noreferrer\">VER M\u00c1S: \u00c1rbitro festeja triunfo con jugadores de Barcelona<\/a><\/span><\/p>\n<p>En el siguiente mensaje expres\u00f3 que conoce a sus familiares e indic\u00f3 que tiene todo su aprecio y apoyo.<\/p>\n<blockquote class=\"twitter-tweet\" data-lang=\"es\">\n<p dir=\"ltr\" lang=\"es\">Tambi\u00e9n tengo el agrado de conocer a su familia, a su madre, a su padre, buenas personas. Rafa, ten\u00e9s todo mi aprecio y todo mi apoyo.<\/p>\n<p>\u2014 Ricardo A La Volpe (@RicardoLaVolpeG) <a href=\"https:\/\/twitter.com\/RicardoLaVolpeG\/status\/895732527247183873\">10 de agosto de 2017<\/a><\/p><\/blockquote>\n<p><script async src=\"\/\/platform.twitter.com\/widgets.js\" charset=\"utf-8\"><\/script><\/p>\n<p style=\"text-align: center;\"><span style=\"color: #333399;\"><a style=\"color: #333399;\" href=\"https:\/\/www.futboltotal.com.mx\/2017\/08\/jersey-america-comparado-sofa-italiano-barato\/\" target=\"_blank\" rel=\"noopener noreferrer\">VER M\u00c1S: Jersey de Am\u00e9rica es comparado con sof\u00e1 italiano barato<\/a><\/span><\/p>\n","protected":false},"excerpt":{"rendered":"<p>El estratega mostr\u00f3 su apoyo al central mexicano <\/p>\n","protected":false},"author":20,"featured_media":478190,"comment_status":"closed","ping_status":"closed","sticky":false,"template":"","format":"standard","meta":[],"categories":[2198,3845],"tags":[6033,767],"_links":{"self":[{"href":"http:\/\/desarrollo.grupomedios.com\/futbol\/wp-json\/wp\/v2\/posts\/493218"}],"collection":[{"href":"http:\/\/desarrollo.grupomedios.com\/futbol\/wp-json\/wp\/v2\/posts"}],"about":[{"href":"http:\/\/desarrollo.grupomedios.com\/futbol\/wp-json\/wp\/v2\/types\/post"}],"author":[{"embeddable":true,"href":"http:\/\/desarrollo.grupomedios.com\/futbol\/wp-json\/wp\/v2\/users\/20"}],"replies":[{"embeddable":true,"href":"http:\/\/desarrollo.grupomedios.com\/futbol\/wp-json\/wp\/v2\/comments?post=493218"}],"version-history":[{"count":1,"href":"http:\/\/desarrollo.grupomedios.com\/futbol\/wp-json\/wp\/v2\/posts\/493218\/revisions"}],"predecessor-version":[{"id":493225,"href":"http:\/\/desarrollo.grupomedios.com\/futbol\/wp-json\/wp\/v2\/posts\/493218\/revisions\/493225"}],"wp:featuredmedia":[{"embeddable":true,"href":"http:\/\/desarrollo.grupomedios.com\/futbol\/wp-json\/wp\/v2\/media\/478190"}],"wp:attachment":[{"href":"http:\/\/desarrollo.grupomedios.com\/futbol\/wp-json\/wp\/v2\/media?parent=493218"}],"wp:term":[{"taxonomy":"category","embeddable":true,"href":"http:\/\/desarrollo.grupomedios.com\/futbol\/wp-json\/wp\/v2\/categories?post=493218"},{"taxonomy":"post_tag","embeddable":true,"href":"http:\/\/desarrollo.grupomedios.com\/futbol\/wp-json\/wp\/v2\/tags?post=493218"}],"curies":[{"name":"wp","href":"https:\/\/api.w.org\/{rel}","templated":true}]}}