{"id":493226,"date":"2017-08-10T15:28:03","date_gmt":"2017-08-10T20:28:03","guid":{"rendered":"https:\/\/www.futboltotal.com.mx\/?p=493226"},"modified":"2017-08-10T21:39:39","modified_gmt":"2017-08-11T02:39:39","slug":"standard-lieja-presume-ochoamania","status":"publish","type":"post","link":"http:\/\/desarrollo.grupomedios.com\/futbol\/futbol-internacional\/standard-lieja-presume-ochoamania\/2017\/08","title":{"rendered":"Standard de Lieja presume &#8220;Ochoaman\u00eda&#8221;"},"content":{"rendered":"<p>El arquero mexicano, <a href=\"https:\/\/www.futboltotal.com.mx\/2017\/08\/guillermo-ochoa-regala-jersey-jugador-manchester-united\/\" target=\"_blank\" rel=\"noopener noreferrer\"><span style=\"color: #333399;\"><strong>Guillermo Ochoa<\/strong><\/span><\/a>, desat\u00f3 tremenda euforia con su llegada al <a href=\"https:\/\/www.futboltotal.com.mx\/2017\/07\/ochoa-volvio-a-mantener-su-meta-en-cero-con-el-standard-lieja\/\" target=\"_blank\" rel=\"noopener noreferrer\"><span style=\"color: #333399;\"><strong>Standard de Lieja<\/strong><\/span><\/a>, misma que le ha generado buenos n\u00fameros al conjunto belga.<\/p>\n<p>En sus redes sociales, el club comparti\u00f3 una gr\u00e1fica en la que se muestra el aumento que han tenido en sus redes desde que lleg\u00f3 el arquero mexicano, a lo que le llamaron la \u201cOchoman\u00eda\u201d.<\/p>\n<p style=\"text-align: center;\"><a href=\"https:\/\/www.futboltotal.com.mx\/2017\/08\/la-volpe-muestra-apoyo-a-rafa-marquez\/\" target=\"_blank\" rel=\"noopener noreferrer\"><span style=\"color: #333399;\">VER M\u00c1S:\u00a0La Volpe muestra su apoyo a Rafa M\u00e1rquez<\/span><\/a><\/p>\n<p>En la imagen se puede ver un incremento del 11 por ciento de sus seguidores en su cuenta de <strong>Twitter.<\/strong><\/p>\n<p>&nbsp;<\/p>\n<blockquote class=\"twitter-tweet\" data-lang=\"es\">\n<p dir=\"ltr\" lang=\"es\">Les compartimos esta tabla. Desde la llegada de <a href=\"https:\/\/twitter.com\/yosoy8a\">@yosoy8a<\/a>, <a href=\"https:\/\/twitter.com\/Standard_RSCL\">@Standard_RSCL<\/a> ha crecido m\u00e1s del 11% en sus redes sociales. La <a href=\"https:\/\/twitter.com\/hashtag\/Ochoaman%C3%ADa?src=hash\">#Ochoaman\u00eda<\/a> <a href=\"https:\/\/t.co\/JqdNWFUug2\">pic.twitter.com\/JqdNWFUug2<\/a><\/p>\n<p>\u2014 Standard Lieja (@StandardLiejaES) <a href=\"https:\/\/twitter.com\/StandardLiejaES\/status\/895199975566700544\">9 de agosto de 2017<\/a><\/p><\/blockquote>\n<p><script async src=\"\/\/platform.twitter.com\/widgets.js\" charset=\"utf-8\"><\/script><\/p>\n","protected":false},"excerpt":{"rendered":"<p>La llegada de Ochoa al Standard le est\u00e1 dando buenos dividendos <\/p>\n","protected":false},"author":20,"featured_media":488440,"comment_status":"closed","ping_status":"closed","sticky":false,"template":"","format":"standard","meta":[],"categories":[3839,6718],"tags":[9703,9198,2252],"_links":{"self":[{"href":"http:\/\/desarrollo.grupomedios.com\/futbol\/wp-json\/wp\/v2\/posts\/493226"}],"collection":[{"href":"http:\/\/desarrollo.grupomedios.com\/futbol\/wp-json\/wp\/v2\/posts"}],"about":[{"href":"http:\/\/desarrollo.grupomedios.com\/futbol\/wp-json\/wp\/v2\/types\/post"}],"author":[{"embeddable":true,"href":"http:\/\/desarrollo.grupomedios.com\/futbol\/wp-json\/wp\/v2\/users\/20"}],"replies":[{"embeddable":true,"href":"http:\/\/desarrollo.grupomedios.com\/futbol\/wp-json\/wp\/v2\/comments?post=493226"}],"version-history":[{"count":1,"href":"http:\/\/desarrollo.grupomedios.com\/futbol\/wp-json\/wp\/v2\/posts\/493226\/revisions"}],"predecessor-version":[{"id":493228,"href":"http:\/\/desarrollo.grupomedios.com\/futbol\/wp-json\/wp\/v2\/posts\/493226\/revisions\/493228"}],"wp:featuredmedia":[{"embeddable":true,"href":"http:\/\/desarrollo.grupomedios.com\/futbol\/wp-json\/wp\/v2\/media\/488440"}],"wp:attachment":[{"href":"http:\/\/desarrollo.grupomedios.com\/futbol\/wp-json\/wp\/v2\/media?parent=493226"}],"wp:term":[{"taxonomy":"category","embeddable":true,"href":"http:\/\/desarrollo.grupomedios.com\/futbol\/wp-json\/wp\/v2\/categories?post=493226"},{"taxonomy":"post_tag","embeddable":true,"href":"http:\/\/desarrollo.grupomedios.com\/futbol\/wp-json\/wp\/v2\/tags?post=493226"}],"curies":[{"name":"wp","href":"https:\/\/api.w.org\/{rel}","templated":true}]}}