{"id":493263,"date":"2017-08-11T17:52:53","date_gmt":"2017-08-11T22:52:53","guid":{"rendered":"https:\/\/www.futboltotal.com.mx\/?p=493263"},"modified":"2017-08-11T20:55:28","modified_gmt":"2017-08-12T01:55:28","slug":"en-vivo-puebla-vs-tijuana-apertura-2017","status":"publish","type":"post","link":"http:\/\/desarrollo.grupomedios.com\/futbol\/futbol-mexicano\/en-vivo-puebla-vs-tijuana-apertura-2017\/2017\/08","title":{"rendered":"AS\u00cd SE VIVI\u00d3 | Puebla vs Tijuana, duelo de necesitados"},"content":{"rendered":"<p>La <em>Franja<\/em> del <strong>Puebla<\/strong> recibe la visita de los <em>Xolos<\/em> de <strong>Tijuana<\/strong> en el inicio de la Jornada 4 del Torneo Apertura 2017.<\/p>\n<iframe src=\"https:\/\/en-vivo.futboltotal.com.mx\/embed.php\/?id=199\" width=\"100%\" id=\"frame_minuto\"><\/iframe>\n<p>Los poblanos vienen de perder por 2-0 en el campo de Veracruz, y no han ganado en lo que va del torneo, s\u00f3lo tienen un punto de nueve posibles.<\/p>\n<p>Situaci\u00f3n m\u00e1s lamentable es la que viven los <em>Xoloitzcuintles,<\/em> quienes han perdido sus primeros tres partidos del torneo, no han anotado ni un gol y la continuidad de &#8216;Chacho&#8217; Coudet est\u00e1 en duda.<\/p>\n<p style=\"text-align: center;\"><span style=\"color: #333399;\"><a style=\"color: #333399;\" href=\"https:\/\/www.futboltotal.com.mx\/2017\/08\/edson-alvarez-pide-perdon-a-la-aficion-por-sus-palabras\/\">VER M\u00c1S: <span class=\"item-title\">\u00c9dson \u00c1lvarez pide perd\u00f3n a la afici\u00f3n por sus palabras<\/span><\/a><\/span><\/p>\n<p>Tijuana ha ganado s\u00f3lo una vez en su historia en el Cuauht\u00e9moc, por lo que Puebla sale favorito para esta noche.<\/p>\n<p>&nbsp;<\/p>\n","protected":false},"excerpt":{"rendered":"<p>La Franja recibe la visita de los Xolos en el inicio de la jornada 4 del Apertura 2017<\/p>\n","protected":false},"author":20,"featured_media":493437,"comment_status":"closed","ping_status":"closed","sticky":false,"template":"","format":"standard","meta":[],"categories":[2198,3845],"tags":[8357,5969,5974],"_links":{"self":[{"href":"http:\/\/desarrollo.grupomedios.com\/futbol\/wp-json\/wp\/v2\/posts\/493263"}],"collection":[{"href":"http:\/\/desarrollo.grupomedios.com\/futbol\/wp-json\/wp\/v2\/posts"}],"about":[{"href":"http:\/\/desarrollo.grupomedios.com\/futbol\/wp-json\/wp\/v2\/types\/post"}],"author":[{"embeddable":true,"href":"http:\/\/desarrollo.grupomedios.com\/futbol\/wp-json\/wp\/v2\/users\/20"}],"replies":[{"embeddable":true,"href":"http:\/\/desarrollo.grupomedios.com\/futbol\/wp-json\/wp\/v2\/comments?post=493263"}],"version-history":[{"count":4,"href":"http:\/\/desarrollo.grupomedios.com\/futbol\/wp-json\/wp\/v2\/posts\/493263\/revisions"}],"predecessor-version":[{"id":493442,"href":"http:\/\/desarrollo.grupomedios.com\/futbol\/wp-json\/wp\/v2\/posts\/493263\/revisions\/493442"}],"wp:featuredmedia":[{"embeddable":true,"href":"http:\/\/desarrollo.grupomedios.com\/futbol\/wp-json\/wp\/v2\/media\/493437"}],"wp:attachment":[{"href":"http:\/\/desarrollo.grupomedios.com\/futbol\/wp-json\/wp\/v2\/media?parent=493263"}],"wp:term":[{"taxonomy":"category","embeddable":true,"href":"http:\/\/desarrollo.grupomedios.com\/futbol\/wp-json\/wp\/v2\/categories?post=493263"},{"taxonomy":"post_tag","embeddable":true,"href":"http:\/\/desarrollo.grupomedios.com\/futbol\/wp-json\/wp\/v2\/tags?post=493263"}],"curies":[{"name":"wp","href":"https:\/\/api.w.org\/{rel}","templated":true}]}}