{"id":493264,"date":"2017-08-10T19:21:00","date_gmt":"2017-08-11T00:21:00","guid":{"rendered":"https:\/\/www.futboltotal.com.mx\/?p=493264"},"modified":"2017-08-10T19:21:00","modified_gmt":"2017-08-11T00:21:00","slug":"me-critican-por-el-desconocimiento-de-la-liga-ochoa","status":"publish","type":"post","link":"http:\/\/desarrollo.grupomedios.com\/futbol\/destacado-home\/me-critican-por-el-desconocimiento-de-la-liga-ochoa\/2017\/08","title":{"rendered":"&#8220;Me critican por el desconocimiento de la liga&#8221;: Ochoa"},"content":{"rendered":"<p><a href=\"https:\/\/www.futboltotal.com.mx\/2017\/08\/guillermo-ochoa-regala-jersey-jugador-manchester-united\/\" target=\"_blank\" rel=\"noopener noreferrer\"><span style=\"color: #333399;\"><strong>Guillermo Ochoa<\/strong><\/span><\/a> asegur\u00f3 que muchas personas y medios de comunicaci\u00f3n criticaron su llegada a la <strong>Pro League de B\u00e9lgica<\/strong> por el desconocimiento que tienen de la liga, pero asever\u00f3 que les sorprender\u00eda a todos por su calidad.<\/p>\n<blockquote><p>\u201cCreo que pasa por el desconocimiento de lo que es la liga de B\u00e9lgica, la gente, es normal porque no est\u00e1 acostumbrada a verla ni a seguirla y les sorprender\u00eda bastante lo que es la liga belga\u201d.<\/p><\/blockquote>\n<p style=\"text-align: center;\"><a href=\"https:\/\/www.futboltotal.com.mx\/2017\/08\/dt-honduras-captado-golpeando-a-hija\/\" target=\"_blank\" rel=\"noopener noreferrer\"><span style=\"color: #333399;\">VER M\u00c1S:\u00a0DT de Honduras es captado golpeando a su hija<\/span><\/a><\/p>\n<p>El guardameta mexicano declar\u00f3 que basta con ver a la <strong>Selecci\u00f3n de B\u00e9lgica<\/strong> y la calidad de sus jugadores, los cuales est\u00e1n repartidos en las ligas europeas.<\/p>\n<blockquote><p>\u201cLe puedes ver con su selecci\u00f3n, los jugadores que tienen han salido de su cantera, de equipos que siempre est\u00e1n peleando en Europa, en Europa League, en Champions. Es una liga que cuenta con jugadores de mucha calidad, r\u00e1pidos, t\u00e9cnicamente capaces y tambi\u00e9n hay j\u00f3venes que aqu\u00ed en B\u00e9lgica los ojos de Europa est\u00e1n puestos\u201d.<\/p><\/blockquote>\n<p style=\"text-align: center;\"><a href=\"https:\/\/www.futboltotal.com.mx\/2017\/08\/diego-reyes-en-los-cielos-por-una-dama\/\" target=\"_blank\" rel=\"noopener noreferrer\"><span style=\"color: #333399;\">VER M\u00c1S:\u00a0Diego Reyes, en \u201clos cielos\u201d por una dama<\/span><\/a><\/p>\n","protected":false},"excerpt":{"rendered":"<p>Ochoa asegur\u00f3 que las cr\u00edticas en su contra son por el desconocimiento <\/p>\n","protected":false},"author":20,"featured_media":488143,"comment_status":"closed","ping_status":"closed","sticky":false,"template":"","format":"standard","meta":[],"categories":[5,3839,6718],"tags":[5991,9198,2252],"_links":{"self":[{"href":"http:\/\/desarrollo.grupomedios.com\/futbol\/wp-json\/wp\/v2\/posts\/493264"}],"collection":[{"href":"http:\/\/desarrollo.grupomedios.com\/futbol\/wp-json\/wp\/v2\/posts"}],"about":[{"href":"http:\/\/desarrollo.grupomedios.com\/futbol\/wp-json\/wp\/v2\/types\/post"}],"author":[{"embeddable":true,"href":"http:\/\/desarrollo.grupomedios.com\/futbol\/wp-json\/wp\/v2\/users\/20"}],"replies":[{"embeddable":true,"href":"http:\/\/desarrollo.grupomedios.com\/futbol\/wp-json\/wp\/v2\/comments?post=493264"}],"version-history":[{"count":1,"href":"http:\/\/desarrollo.grupomedios.com\/futbol\/wp-json\/wp\/v2\/posts\/493264\/revisions"}],"predecessor-version":[{"id":493265,"href":"http:\/\/desarrollo.grupomedios.com\/futbol\/wp-json\/wp\/v2\/posts\/493264\/revisions\/493265"}],"wp:featuredmedia":[{"embeddable":true,"href":"http:\/\/desarrollo.grupomedios.com\/futbol\/wp-json\/wp\/v2\/media\/488143"}],"wp:attachment":[{"href":"http:\/\/desarrollo.grupomedios.com\/futbol\/wp-json\/wp\/v2\/media?parent=493264"}],"wp:term":[{"taxonomy":"category","embeddable":true,"href":"http:\/\/desarrollo.grupomedios.com\/futbol\/wp-json\/wp\/v2\/categories?post=493264"},{"taxonomy":"post_tag","embeddable":true,"href":"http:\/\/desarrollo.grupomedios.com\/futbol\/wp-json\/wp\/v2\/tags?post=493264"}],"curies":[{"name":"wp","href":"https:\/\/api.w.org\/{rel}","templated":true}]}}