{"id":493275,"date":"2017-08-10T20:50:24","date_gmt":"2017-08-11T01:50:24","guid":{"rendered":"https:\/\/www.futboltotal.com.mx\/?p=493275"},"modified":"2017-08-10T20:50:24","modified_gmt":"2017-08-11T01:50:24","slug":"tigres-le-abre-la-puerta-a-julian-quinones","status":"publish","type":"post","link":"http:\/\/desarrollo.grupomedios.com\/futbol\/futbol-mexicano\/tigres-le-abre-la-puerta-a-julian-quinones\/2017\/08","title":{"rendered":"Tigres le abre la puerta a Juli\u00e1n Qui\u00f1ones"},"content":{"rendered":"<p>Luego del conflicto entre <a href=\"https:\/\/www.futboltotal.com.mx\/2017\/08\/julian-quinones-baja-cuatro-semanas-con-lobos-buap\/\" target=\"_blank\" rel=\"noopener noreferrer\"><span style=\"color: #333399;\"><strong>Juli\u00e1n Qui\u00f1ones<\/strong><\/span><\/a> y <a href=\"https:\/\/www.futboltotal.com.mx\/2017\/08\/william-palacios-golpeado-esposa-durante-pelea\/\" target=\"_blank\" rel=\"noopener noreferrer\"><span style=\"color: #333399;\"><strong>William Palacios<\/strong><\/span><\/a>, que le cost\u00f3 la salida de <a href=\"https:\/\/www.futboltotal.com.mx\/2017\/08\/lobos-buap-iniciara-visorias-para-equipo-femenil\/\" target=\"_blank\" rel=\"noopener noreferrer\"><span style=\"color: #333399;\"><strong>Lobos BUAP<\/strong><\/span><\/a> a este \u00faltimo, <a href=\"https:\/\/www.futboltotal.com.mx\/2017\/08\/resultado-cronica-tigres-1-1-queretaro-apertura-2017\/\" target=\"_blank\" rel=\"noopener noreferrer\"><span style=\"color: #333399;\"><strong>Tigres<\/strong> <\/span><\/a>piensa seguir contando con el colombiano en un futuro, seg\u00fan lo confirm\u00f3 <span style=\"color: #333399;\"><strong>Alejandro Rodr\u00edguez<\/strong><\/span>, presidente del conjunto regiomontano.<\/p>\n<p style=\"text-align: center;\"><a href=\"https:\/\/www.futboltotal.com.mx\/2017\/08\/edson-alvarez-pide-perdon-a-la-aficion-por-sus-palabras\/\" target=\"_blank\" rel=\"noopener noreferrer\"><span style=\"color: #333399;\">VER M\u00c1S:\u00a0\u00c9dson \u00c1lvarez pide perd\u00f3n a la afici\u00f3n por sus palabras<\/span><\/a><\/p>\n<blockquote><p>\u201cQui\u00f1ones es un muchacho que conocemos bien porque lo tenemos aqu\u00ed desde los 18 a\u00f1os, a veces cuando comienzan a ganar notoriedad se pueden desviar un poco del camino profesional, pero creo que es un muchacho que va a crecer, que esto le sirva de experiencia y que rectifique\u201d.<\/p>\n<p>\u201cDefinitivamente por eso se fue sin opci\u00f3n, es un muchacho que est\u00e1 creciendo y que puede dar todav\u00eda m\u00e1s, es muy joven\u201d.<\/p><\/blockquote>\n<p style=\"text-align: center;\"><a href=\"https:\/\/www.futboltotal.com.mx\/2017\/08\/marc-crosas-asegura-que-a-marquez-se-le-ha-dejado-solo\/\" target=\"_blank\" rel=\"noopener noreferrer\"><span style=\"color: #333399;\">VER M\u00c1S:\u00a0Marc Crosas asegura que a M\u00e1rquez se le ha dejado solo<\/span><\/a><\/p>\n<p>El Inge declar\u00f3 que se pusieron en contacto con el jugador y respetan que el conjunto poblano aplique su reglamento.<\/p>\n<blockquote><p>\u201cEn el club de Lobos algunos est\u00e1n a pr\u00e9stamo y sin opci\u00f3n, desafortunadamente sucedi\u00f3 este incidente y se nos inform\u00f3 de parte de Lobos como debe ser. Nosotros estamos totalmente de acuerdo en que se aplique el reglamento interno de Lobos BUAP como ya lo hicieron\u201d.<\/p><\/blockquote>\n<p style=\"text-align: center;\"><a href=\"https:\/\/www.futboltotal.com.mx\/2017\/08\/me-critican-por-el-desconocimiento-de-la-liga-ochoa\/\" target=\"_blank\" rel=\"noopener noreferrer\"><span style=\"color: #333399;\">VER M\u00c1S:\u00a0\u201cMe critican por el desconocimiento de la liga\u201d: Ochoa<\/span><\/a><\/p>\n","protected":false},"excerpt":{"rendered":"<p>Tigres sigue contando con Qui\u00f1ones en un futuro<\/p>\n","protected":false},"author":20,"featured_media":492669,"comment_status":"closed","ping_status":"closed","sticky":false,"template":"","format":"standard","meta":[],"categories":[2198,3845],"tags":[1639,9642,431,5973,9641],"_links":{"self":[{"href":"http:\/\/desarrollo.grupomedios.com\/futbol\/wp-json\/wp\/v2\/posts\/493275"}],"collection":[{"href":"http:\/\/desarrollo.grupomedios.com\/futbol\/wp-json\/wp\/v2\/posts"}],"about":[{"href":"http:\/\/desarrollo.grupomedios.com\/futbol\/wp-json\/wp\/v2\/types\/post"}],"author":[{"embeddable":true,"href":"http:\/\/desarrollo.grupomedios.com\/futbol\/wp-json\/wp\/v2\/users\/20"}],"replies":[{"embeddable":true,"href":"http:\/\/desarrollo.grupomedios.com\/futbol\/wp-json\/wp\/v2\/comments?post=493275"}],"version-history":[{"count":1,"href":"http:\/\/desarrollo.grupomedios.com\/futbol\/wp-json\/wp\/v2\/posts\/493275\/revisions"}],"predecessor-version":[{"id":493278,"href":"http:\/\/desarrollo.grupomedios.com\/futbol\/wp-json\/wp\/v2\/posts\/493275\/revisions\/493278"}],"wp:featuredmedia":[{"embeddable":true,"href":"http:\/\/desarrollo.grupomedios.com\/futbol\/wp-json\/wp\/v2\/media\/492669"}],"wp:attachment":[{"href":"http:\/\/desarrollo.grupomedios.com\/futbol\/wp-json\/wp\/v2\/media?parent=493275"}],"wp:term":[{"taxonomy":"category","embeddable":true,"href":"http:\/\/desarrollo.grupomedios.com\/futbol\/wp-json\/wp\/v2\/categories?post=493275"},{"taxonomy":"post_tag","embeddable":true,"href":"http:\/\/desarrollo.grupomedios.com\/futbol\/wp-json\/wp\/v2\/tags?post=493275"}],"curies":[{"name":"wp","href":"https:\/\/api.w.org\/{rel}","templated":true}]}}