{"id":493328,"date":"2017-08-11T10:23:05","date_gmt":"2017-08-11T15:23:05","guid":{"rendered":"https:\/\/www.futboltotal.com.mx\/?p=493328"},"modified":"2017-08-11T10:23:05","modified_gmt":"2017-08-11T15:23:05","slug":"ex-cruz-azul-se-queja-la-cdmx","status":"publish","type":"post","link":"http:\/\/desarrollo.grupomedios.com\/futbol\/futbol-mexicano\/ex-cruz-azul-se-queja-la-cdmx\/2017\/08","title":{"rendered":"Ex de Cruz Azul se queja de la CDMX"},"content":{"rendered":"<p>El ex jugador de <strong>Cruz Azul<\/strong>,\u00a0<strong>V\u00edctor V\u00e1zquez,\u00a0<\/strong>expres\u00f3 que se march\u00f3 del club capitalino debido a la delincuencia que se viv\u00eda en el pa\u00eds y no quiso que su hijo creciera en M\u00e9xico.<\/p>\n<p><strong>\u201cNo era el lugar adecuado para ver crecer a mi\u00a0hijo\u201d<\/strong>,\u00a0as\u00ed lo expres\u00f3 en una entrevista para <em>Mundo Deportivo<\/em>.<\/p>\n<p style=\"text-align: center;\"><span style=\"color: #333399;\"><a style=\"color: #333399;\" href=\"https:\/\/www.futboltotal.com.mx\/2017\/08\/fue-tri-gano-oro-londres-2012\/\" target=\"_blank\" rel=\"noopener noreferrer\">VER M\u00c1S: \u00bfQu\u00e9 pas\u00f3 con el Tri que gan\u00f3 el oro en 2012?<\/a><\/span><\/p>\n<p>El espa\u00f1ol form\u00f3 parte de Cruz Azul en 2016, sin embargo se marcho cuando todav\u00eda le quedaba un a\u00f1o de contrato. Recal\u00f3 en la <strong>MLS<\/strong> para jugar en la escuadra de <strong>Toronto<\/strong>, donde ha anotado cuatro goles en su primera temporada, tres m\u00e1s de los que hizo en Cruz Azul.<\/p>\n<blockquote><p>\u201cLlevo seis meses aqu\u00ed, en la\u00a0MLS, y es un lujo jugar en una liga tan competitiva como esta.\u00a0Toronto\u00a0es una ciudad espectacular y el equipo va como un cohete. No puedo pedir m\u00e1s\u201d, coment\u00f3 el ib\u00e9rico.<\/p><\/blockquote>\n<p><iframe loading=\"lazy\" src=\"https:\/\/www.youtube.com\/embed\/hiDBVH5KbCI?feature=oembed\" frameborder=\"0\" allowfullscreen><\/iframe><\/p>\n<p style=\"text-align: center;\"><span style=\"color: #333399;\"><a style=\"color: #333399;\" href=\"https:\/\/www.futboltotal.com.mx\/2017\/08\/manchester-united-negocia-regreso-zlatan-ibrahimovic\/\" target=\"_blank\" rel=\"noopener noreferrer\">VER M\u00c1S: Manchester United ya negocia el regreso de Zlatan Ibrahimovic<\/a><\/span><\/p>\n","protected":false},"excerpt":{"rendered":"<p>El espa\u00f1ol se quej\u00f3 del entorno que envolv\u00eda la ciudad<\/p>\n","protected":false},"author":20,"featured_media":457200,"comment_status":"closed","ping_status":"closed","sticky":false,"template":"","format":"standard","meta":[],"categories":[2198,3845],"tags":[7151,5962,64,6581],"_links":{"self":[{"href":"http:\/\/desarrollo.grupomedios.com\/futbol\/wp-json\/wp\/v2\/posts\/493328"}],"collection":[{"href":"http:\/\/desarrollo.grupomedios.com\/futbol\/wp-json\/wp\/v2\/posts"}],"about":[{"href":"http:\/\/desarrollo.grupomedios.com\/futbol\/wp-json\/wp\/v2\/types\/post"}],"author":[{"embeddable":true,"href":"http:\/\/desarrollo.grupomedios.com\/futbol\/wp-json\/wp\/v2\/users\/20"}],"replies":[{"embeddable":true,"href":"http:\/\/desarrollo.grupomedios.com\/futbol\/wp-json\/wp\/v2\/comments?post=493328"}],"version-history":[{"count":1,"href":"http:\/\/desarrollo.grupomedios.com\/futbol\/wp-json\/wp\/v2\/posts\/493328\/revisions"}],"predecessor-version":[{"id":493329,"href":"http:\/\/desarrollo.grupomedios.com\/futbol\/wp-json\/wp\/v2\/posts\/493328\/revisions\/493329"}],"wp:featuredmedia":[{"embeddable":true,"href":"http:\/\/desarrollo.grupomedios.com\/futbol\/wp-json\/wp\/v2\/media\/457200"}],"wp:attachment":[{"href":"http:\/\/desarrollo.grupomedios.com\/futbol\/wp-json\/wp\/v2\/media?parent=493328"}],"wp:term":[{"taxonomy":"category","embeddable":true,"href":"http:\/\/desarrollo.grupomedios.com\/futbol\/wp-json\/wp\/v2\/categories?post=493328"},{"taxonomy":"post_tag","embeddable":true,"href":"http:\/\/desarrollo.grupomedios.com\/futbol\/wp-json\/wp\/v2\/tags?post=493328"}],"curies":[{"name":"wp","href":"https:\/\/api.w.org\/{rel}","templated":true}]}}