{"id":493340,"date":"2017-08-11T12:03:42","date_gmt":"2017-08-11T17:03:42","guid":{"rendered":"https:\/\/www.futboltotal.com.mx\/?p=493340"},"modified":"2017-08-11T14:27:50","modified_gmt":"2017-08-11T19:27:50","slug":"adidas-futbol-total-regalan-jersey-atlas","status":"publish","type":"post","link":"http:\/\/desarrollo.grupomedios.com\/futbol\/promociones\/adidas-futbol-total-regalan-jersey-atlas\/2017\/08","title":{"rendered":"\u00a1adidas y Futbol Total te regalan el jersey del Atlas!"},"content":{"rendered":"<p>Est\u00e1 por arrancar la cuarta fecha del Apertura 2017 de la Liga MX y <a href=\"https:\/\/www.futboltotal.com.mx\/2017\/08\/en-vivo-atlas-vs-america-apertura-2017-liga-mx\/\" target=\"_blank\" rel=\"noopener noreferrer\"><span style=\"color: #333399;\"><strong>Atlas<\/strong> recibe la visita del <strong>Am\u00e9rica<\/strong><\/span><\/a>. Para todos los fieles rojinegros,\u00a0<strong>adidas\u00a0<\/strong>y\u00a0<strong>Futbol Total<\/strong>\u00a0regalan el\u00a0<strong>jersey<\/strong>\u00a0oficial de los <em>Zorros<\/em>.\u00a0S\u00f3lo debes seguir estos sencillos pasos:<\/p>\n<p>\u2013 Debes seguir<em>\u00a0<\/em>en\u00a0<strong>Twitter<\/strong>\u00a0a\u00a0<span style=\"color: #333399;\"><a style=\"color: #333399;\" href=\"https:\/\/twitter.com\/MXFutbolTotal\">@MXfutboltotal<\/a><\/span>\u00a0\u00a0y en\u00a0<strong>Facebook<\/strong>\u00a0a\u00a0<span style=\"color: #333399;\"><a style=\"color: #333399;\" href=\"https:\/\/www.facebook.com\/futboltotalmexico\">Futbol Total<\/a><\/span>\u00a0(y tomar screenshots de cada uno para comprobarlo).<\/p>\n<p>\u2013 Despu\u00e9s, comparte\u00a0la publicaci\u00f3n en Twitter y Facebook (y toma screenshots de cada uno de los compartidos para comprobarlo).<\/p>\n<p>\u2013 Danos\u00a0tu pron\u00f3stico del <a href=\"https:\/\/www.futboltotal.com.mx\/2017\/08\/en-vivo-atlas-vs-america-apertura-2017-liga-mx\/\" target=\"_blank\" rel=\"noopener noreferrer\"><span style=\"color: #333399;\">partido entre <strong>Atlas<\/strong> y <strong>Am\u00e9rica<\/strong><\/span><\/a>, que se disputa este viernes 11 de agosto\u00a0 a las 21:00 horas en el estadio Jalisco.<\/p>\n<p>\u2013 Manda tu\u00a0pron\u00f3stico y tus screenshots al correo\u00a0<strong>futboltotal@futboltotal.com.mx<\/strong> con asunto \u201c<strong>JERSEY ATLAS-ADIDAS<\/strong>\u201d. El mensaje deber\u00e1 tener el\u00a0nombre completo del participante y cumplir con todos los requisitos.<\/p>\n<p>\u2013 El primer pron\u00f3stico acertado que cumpla con todos los requisitos ser\u00e1\u00a0el ganador de<strong>\u00a01 jersey oficial del club Atlas<\/strong>.<\/p>\n<p>\u2013 S\u00f3lo se tomar\u00e1n en cuenta correos\u00a0recibidos hasta antes del viernes\u00a011 de agosto\u00a0a las 21:00 horas.<\/p>\n<p>El\u00a0<strong>equipo de Futbol Total<\/strong>\u00a0se comunicar\u00e1 con el ganador, quien deber\u00e1 recoger su premio\u00a0en las oficinas de Futbol Total, ubicadas en la Ciudad de M\u00e9xico. La entrega del premio ser\u00e1 de los d\u00edas lunes 14 al mi\u00e9rcoles 16 de agosto,\u00a0en horario de 10:00 a 17:00 horas. Indispensable presentar original y copia de identificaci\u00f3n oficial.<\/p>\n<p>\u00a1Mucha suerte\u00a0<em>cracks<\/em>!<\/p>\n","protected":false},"excerpt":{"rendered":"<p>\u00bfQuieres apoyar a tus Rojinegros como un fiel fan\u00e1tico? No esperes m\u00e1s y participa.<\/p>\n","protected":false},"author":20,"featured_media":493341,"comment_status":"closed","ping_status":"closed","sticky":false,"template":"","format":"standard","meta":[],"categories":[2198,60],"tags":[1560,5959,5961,64,3154],"_links":{"self":[{"href":"http:\/\/desarrollo.grupomedios.com\/futbol\/wp-json\/wp\/v2\/posts\/493340"}],"collection":[{"href":"http:\/\/desarrollo.grupomedios.com\/futbol\/wp-json\/wp\/v2\/posts"}],"about":[{"href":"http:\/\/desarrollo.grupomedios.com\/futbol\/wp-json\/wp\/v2\/types\/post"}],"author":[{"embeddable":true,"href":"http:\/\/desarrollo.grupomedios.com\/futbol\/wp-json\/wp\/v2\/users\/20"}],"replies":[{"embeddable":true,"href":"http:\/\/desarrollo.grupomedios.com\/futbol\/wp-json\/wp\/v2\/comments?post=493340"}],"version-history":[{"count":5,"href":"http:\/\/desarrollo.grupomedios.com\/futbol\/wp-json\/wp\/v2\/posts\/493340\/revisions"}],"predecessor-version":[{"id":517932,"href":"http:\/\/desarrollo.grupomedios.com\/futbol\/wp-json\/wp\/v2\/posts\/493340\/revisions\/517932"}],"wp:featuredmedia":[{"embeddable":true,"href":"http:\/\/desarrollo.grupomedios.com\/futbol\/wp-json\/wp\/v2\/media\/493341"}],"wp:attachment":[{"href":"http:\/\/desarrollo.grupomedios.com\/futbol\/wp-json\/wp\/v2\/media?parent=493340"}],"wp:term":[{"taxonomy":"category","embeddable":true,"href":"http:\/\/desarrollo.grupomedios.com\/futbol\/wp-json\/wp\/v2\/categories?post=493340"},{"taxonomy":"post_tag","embeddable":true,"href":"http:\/\/desarrollo.grupomedios.com\/futbol\/wp-json\/wp\/v2\/tags?post=493340"}],"curies":[{"name":"wp","href":"https:\/\/api.w.org\/{rel}","templated":true}]}}