{"id":493365,"date":"2017-08-11T14:26:57","date_gmt":"2017-08-11T19:26:57","guid":{"rendered":"https:\/\/www.futboltotal.com.mx\/?p=493365"},"modified":"2017-08-11T14:26:57","modified_gmt":"2017-08-11T19:26:57","slug":"america-vence-a-toluca-sigue-invicto-en-liga-femenil-mx","status":"publish","type":"post","link":"http:\/\/desarrollo.grupomedios.com\/futbol\/futbol-mexicano\/america-vence-a-toluca-sigue-invicto-en-liga-femenil-mx\/2017\/08","title":{"rendered":"Am\u00e9rica vence a Toluca y sigue invicto en Liga Femenil MX"},"content":{"rendered":"<p>Las <strong>\u00c1guilas del Am\u00e9rica<\/strong> vencieron a las <strong>Diablas de Toluca<\/strong> por marcador de 1-2 \u00a0en la cancha de la <strong>Bombonera<\/strong>, con lo que contin\u00faan invictas dentro de la Liga Femenil MX.<\/p>\n<p>Apenas al minuto 12, las azulcremas abrieron el marcador por conducto de\u00a0<strong>Casandra Cuevas<\/strong>, quien dispar\u00f3 con potencia dentro del \u00e1rea.<\/p>\n<p style=\"text-align: center;\"><span style=\"color: #333399;\"><a style=\"color: #333399;\" href=\"https:\/\/www.futboltotal.com.mx\/2017\/08\/carlos-vela-pudo-dejar-pasar-la-oportunidad-la-mls\/\" target=\"_blank\" rel=\"noopener noreferrer\">VER M\u00c1S: Carlos Vela revela su raz\u00f3n para dejar Europa<\/a><\/span><\/p>\n<p>Las \u00c1guilas, 7 minutos despu\u00e9s anotaron sus segundo tanto por conducto de<strong>\u00a0Lucero Cuevas<\/strong> quien recogi\u00f3 un rechace de la arquera toluque\u00f1a.<\/p>\n<p>Al 62,\u00a0Mar\u00eda <strong>Natalia Mauleon<\/strong> logr\u00f3 anotar el del descuento pero ya no fue suficiente para las del Estado de M\u00e9xico.<\/p>\n<p>Con esto, las de Coapa mantienen su paso invicto dentro de la <strong>Liga Femenil MX<\/strong>.<\/p>\n<blockquote class=\"twitter-video\" data-lang=\"es\">\n<p dir=\"ltr\" lang=\"es\">\u00a1Gracias afici\u00f3n!<\/p>\n<p>Nos llevamos 3\ufe0f\u20e3 puntos &#x1f4aa;&#x1f3fc;<a href=\"https:\/\/twitter.com\/hashtag\/SomosAzulcrema?src=hash\">#SomosAzulcrema<\/a> &#x1f49b;&#x1f499; <a href=\"https:\/\/t.co\/oZL9a96x9q\">pic.twitter.com\/oZL9a96x9q<\/a><\/p>\n<p>\u2014 Club Am\u00e9rica Femenil (@AmericaFemenil) <a href=\"https:\/\/twitter.com\/AmericaFemenil\/status\/896088946928631809\">11 de agosto de 2017<\/a><\/p><\/blockquote>\n<p><script async src=\"\/\/platform.twitter.com\/widgets.js\" charset=\"utf-8\"><\/script><\/p>\n<p style=\"text-align: center;\"><span style=\"color: #333399;\"><a style=\"color: #333399;\" href=\"https:\/\/www.futboltotal.com.mx\/2017\/08\/jona-dos-santos-revela-eligio-al-galaxy-a-america\/\" target=\"_blank\" rel=\"noopener noreferrer\">VER M\u00c1S: Jonathan Dos Santos revela por qu\u00e9 eligi\u00f3 al Galaxy y no al Am\u00e9rica<\/a><\/span><\/p>\n","protected":false},"excerpt":{"rendered":"<p>Las azulcremas se llevaron el triunfo en calidad de visita<\/p>\n","protected":false},"author":20,"featured_media":493370,"comment_status":"closed","ping_status":"closed","sticky":false,"template":"","format":"standard","meta":[],"categories":[2198,9628],"tags":[5959,8026,5975],"_links":{"self":[{"href":"http:\/\/desarrollo.grupomedios.com\/futbol\/wp-json\/wp\/v2\/posts\/493365"}],"collection":[{"href":"http:\/\/desarrollo.grupomedios.com\/futbol\/wp-json\/wp\/v2\/posts"}],"about":[{"href":"http:\/\/desarrollo.grupomedios.com\/futbol\/wp-json\/wp\/v2\/types\/post"}],"author":[{"embeddable":true,"href":"http:\/\/desarrollo.grupomedios.com\/futbol\/wp-json\/wp\/v2\/users\/20"}],"replies":[{"embeddable":true,"href":"http:\/\/desarrollo.grupomedios.com\/futbol\/wp-json\/wp\/v2\/comments?post=493365"}],"version-history":[{"count":1,"href":"http:\/\/desarrollo.grupomedios.com\/futbol\/wp-json\/wp\/v2\/posts\/493365\/revisions"}],"predecessor-version":[{"id":493372,"href":"http:\/\/desarrollo.grupomedios.com\/futbol\/wp-json\/wp\/v2\/posts\/493365\/revisions\/493372"}],"wp:featuredmedia":[{"embeddable":true,"href":"http:\/\/desarrollo.grupomedios.com\/futbol\/wp-json\/wp\/v2\/media\/493370"}],"wp:attachment":[{"href":"http:\/\/desarrollo.grupomedios.com\/futbol\/wp-json\/wp\/v2\/media?parent=493365"}],"wp:term":[{"taxonomy":"category","embeddable":true,"href":"http:\/\/desarrollo.grupomedios.com\/futbol\/wp-json\/wp\/v2\/categories?post=493365"},{"taxonomy":"post_tag","embeddable":true,"href":"http:\/\/desarrollo.grupomedios.com\/futbol\/wp-json\/wp\/v2\/tags?post=493365"}],"curies":[{"name":"wp","href":"https:\/\/api.w.org\/{rel}","templated":true}]}}