{"id":493445,"date":"2017-08-11T21:18:12","date_gmt":"2017-08-12T02:18:12","guid":{"rendered":"https:\/\/www.futboltotal.com.mx\/?p=493445"},"modified":"2017-08-11T21:18:12","modified_gmt":"2017-08-12T02:18:12","slug":"atlas-sale-con-playera-en-apoyo-a-rafa-marquez","status":"publish","type":"post","link":"http:\/\/desarrollo.grupomedios.com\/futbol\/destacado-home\/atlas-sale-con-playera-en-apoyo-a-rafa-marquez\/2017\/08","title":{"rendered":"Atlas sale con playera en apoyo a Rafa M\u00e1rquez"},"content":{"rendered":"<p>El <strong>Atlas<\/strong> sali\u00f3 a la cancha de una forma muy particular. Todos sus jugadores aparecieron con la playera &#8216;4&#8217; de <strong>Rafa M\u00e1rquez<\/strong>, como una muestra de apoyo hacia su capit\u00e1n.<\/p>\n<p>Los once jugadores que alinear\u00e1n contra las \u00c1guilas del Am\u00e9rica salieron con esta casaca en apoyo al jugador del Atlas que vive un momento muy complicado, al ser ligado con gente del narcotr\u00e1fico.<\/p>\n<p style=\"text-align: center;\"><span style=\"color: #333399;\"><a style=\"color: #333399;\" href=\"https:\/\/www.futboltotal.com.mx\/2017\/08\/puebla-tijuana-siguen-sin-ganar-en-torneo\/\">VER M\u00c1S:\u00a0<span class=\"item-title\">Puebla y Tijuana siguen sin ganar en el torneo<\/span><\/a><\/span><\/p>\n<p>Rafa M\u00e1rquez no podr\u00e1 jugar con los Rojinegros hasta que sea aclarada su situaci\u00f3n judicial.<\/p>\n<p>Instantes despu\u00e9s, el zaguero mexicano agradeci\u00f3 en su cuenta de Twitter el detalle que tuvieron sus compa\u00f1eros con \u00e9l.<\/p>\n<blockquote class=\"twitter-tweet\" data-partner=\"tweetdeck\">\n<p dir=\"ltr\" lang=\"es\">Mi familia y yo agradecemos todas las muestras de apoyo y solidaridad que hemos recibido Muchas gracias! Vamos Equipo! <a href=\"https:\/\/twitter.com\/hashtag\/FielXAtlas?src=hash\">#FielXAtlas<\/a> <a href=\"https:\/\/twitter.com\/hashtag\/4ctitud?src=hash\">#4ctitud<\/a><\/p>\n<p>\u2014 Rafa Marquez (@RafaMarquezMX) <a href=\"https:\/\/twitter.com\/RafaMarquezMX\/status\/896191593560117248\">August 12, 2017<\/a><\/p><\/blockquote>\n<p><script async src=\"\/\/platform.twitter.com\/widgets.js\" charset=\"utf-8\"><\/script><\/p>\n<p>El Atlas enfrenta este viernes por la noche a las \u00c1guilas del Am\u00e9rica en la cancha del estadio Jalisco.<\/p>\n<p style=\"text-align: center;\"><span style=\"color: #333399;\"><a style=\"color: #333399;\" href=\"https:\/\/www.futboltotal.com.mx\/2017\/08\/fellachallenge-el-reto-de-moda-en-el-futbol-mundial\/\">VER M\u00c1S:\u00a0<span class=\"item-title\">El #FellaChallenge, el reto de moda en el futbol<\/span><\/a><\/span><\/p>\n<p>&nbsp;<\/p>\n","protected":false},"excerpt":{"rendered":"<p>Los jugadores mostraron su apoyo con la playera hacia el capit\u00e1n del Atlas<\/p>\n","protected":false},"author":20,"featured_media":493447,"comment_status":"closed","ping_status":"closed","sticky":false,"template":"","format":"standard","meta":[],"categories":[5,2198,3845],"tags":[5959,5961,4358],"_links":{"self":[{"href":"http:\/\/desarrollo.grupomedios.com\/futbol\/wp-json\/wp\/v2\/posts\/493445"}],"collection":[{"href":"http:\/\/desarrollo.grupomedios.com\/futbol\/wp-json\/wp\/v2\/posts"}],"about":[{"href":"http:\/\/desarrollo.grupomedios.com\/futbol\/wp-json\/wp\/v2\/types\/post"}],"author":[{"embeddable":true,"href":"http:\/\/desarrollo.grupomedios.com\/futbol\/wp-json\/wp\/v2\/users\/20"}],"replies":[{"embeddable":true,"href":"http:\/\/desarrollo.grupomedios.com\/futbol\/wp-json\/wp\/v2\/comments?post=493445"}],"version-history":[{"count":1,"href":"http:\/\/desarrollo.grupomedios.com\/futbol\/wp-json\/wp\/v2\/posts\/493445\/revisions"}],"predecessor-version":[{"id":493448,"href":"http:\/\/desarrollo.grupomedios.com\/futbol\/wp-json\/wp\/v2\/posts\/493445\/revisions\/493448"}],"wp:featuredmedia":[{"embeddable":true,"href":"http:\/\/desarrollo.grupomedios.com\/futbol\/wp-json\/wp\/v2\/media\/493447"}],"wp:attachment":[{"href":"http:\/\/desarrollo.grupomedios.com\/futbol\/wp-json\/wp\/v2\/media?parent=493445"}],"wp:term":[{"taxonomy":"category","embeddable":true,"href":"http:\/\/desarrollo.grupomedios.com\/futbol\/wp-json\/wp\/v2\/categories?post=493445"},{"taxonomy":"post_tag","embeddable":true,"href":"http:\/\/desarrollo.grupomedios.com\/futbol\/wp-json\/wp\/v2\/tags?post=493445"}],"curies":[{"name":"wp","href":"https:\/\/api.w.org\/{rel}","templated":true}]}}