{"id":493483,"date":"2017-08-12T10:35:39","date_gmt":"2017-08-12T15:35:39","guid":{"rendered":"https:\/\/www.futboltotal.com.mx\/?p=493483"},"modified":"2017-08-12T10:35:39","modified_gmt":"2017-08-12T15:35:39","slug":"daniella-chavez-manda-mensaje-a-maradona-topless","status":"publish","type":"post","link":"http:\/\/desarrollo.grupomedios.com\/futbol\/cambio-de-juego\/daniella-chavez-manda-mensaje-a-maradona-topless\/2017\/08","title":{"rendered":"Daniella Ch\u00e1vez manda mensaje a Maradona con topless"},"content":{"rendered":"<p><strong>Daniella Ch\u00e1vez<\/strong> estuvo en descuerdo con<strong> Diego Armando Maradona<\/strong>, en sus comentarios en apoyo a<strong> Nicol\u00e1s Maduro<\/strong>, as\u00ed que decidi\u00f3 mandarle un mensaje a trav\u00e9s de redes sociales.<\/p>\n<p>A su m\u00e1s puro estilo, la chilena envi\u00f3 un mensaje en Twitter en donde compar\u00f3 sus sensuales\u00a0fotograf\u00edas con la adicci\u00f3n de\u00a0Maradona y por la necesidad de\u00a0Maduro por continuar su dictadura en Venezuela.<\/p>\n<p style=\"text-align: center;\"><span style=\"color: #333399;\"><a style=\"color: #333399;\" href=\"https:\/\/www.futboltotal.com.mx\/2017\/08\/jugadores-xolos-cerca-terminar-a-golpes\/\" target=\"_blank\" rel=\"noopener noreferrer\">VER M\u00c1S: Jugadores de Xolos casi acaban en bronca<\/a><\/span><\/p>\n<blockquote><p>&#8220;Foto de buenas noches a mi estilo: Sexy. Porque sin fotos sensuales, soy como Maradona sin una l\u00ednea blanca o como Maduro sin su dicatadura&#8221;, escribi\u00f3\u00a0Ch\u00e1vez.<\/p><\/blockquote>\n<blockquote class=\"twitter-tweet\" data-lang=\"es\">\n<p dir=\"ltr\" lang=\"es\">Foto de buenas noches y a mi estilo SEXY, porque sin fotos sensuales soy como <a href=\"https:\/\/twitter.com\/hashtag\/Maradona?src=hash\">#Maradona<\/a> sin una l\u00ednea blanca o como <a href=\"https:\/\/twitter.com\/hashtag\/Maduro?src=hash\">#Maduro<\/a> sin su dictadura <a href=\"https:\/\/t.co\/9fObaZIu0j\">pic.twitter.com\/9fObaZIu0j<\/a><\/p>\n<p>\u2014 Daniella Chavez (@daniellachavezc) <a href=\"https:\/\/twitter.com\/daniellachavezc\/status\/895103939233951744\">9 de agosto de 2017<\/a><\/p><\/blockquote>\n<p><script async src=\"\/\/platform.twitter.com\/widgets.js\" charset=\"utf-8\"><\/script><\/p>\n<p style=\"text-align: center;\"><span style=\"color: #333399;\"><a style=\"color: #333399;\" href=\"https:\/\/www.futboltotal.com.mx\/2017\/08\/los-memes-encumbran-a-oribe-america\/\" target=\"_blank\" rel=\"noopener noreferrer\">VER M\u00c1S: Los memes del Atlas vs Am\u00e9rica<\/a><\/span><\/p>\n","protected":false},"excerpt":{"rendered":"<p>La chilena manifest\u00f3 su opini\u00f3n en redes sociales con sexy foto<\/p>\n","protected":false},"author":20,"featured_media":470115,"comment_status":"closed","ping_status":"closed","sticky":false,"template":"","format":"standard","meta":[],"categories":[5419],"tags":[8269,690],"_links":{"self":[{"href":"http:\/\/desarrollo.grupomedios.com\/futbol\/wp-json\/wp\/v2\/posts\/493483"}],"collection":[{"href":"http:\/\/desarrollo.grupomedios.com\/futbol\/wp-json\/wp\/v2\/posts"}],"about":[{"href":"http:\/\/desarrollo.grupomedios.com\/futbol\/wp-json\/wp\/v2\/types\/post"}],"author":[{"embeddable":true,"href":"http:\/\/desarrollo.grupomedios.com\/futbol\/wp-json\/wp\/v2\/users\/20"}],"replies":[{"embeddable":true,"href":"http:\/\/desarrollo.grupomedios.com\/futbol\/wp-json\/wp\/v2\/comments?post=493483"}],"version-history":[{"count":1,"href":"http:\/\/desarrollo.grupomedios.com\/futbol\/wp-json\/wp\/v2\/posts\/493483\/revisions"}],"predecessor-version":[{"id":493484,"href":"http:\/\/desarrollo.grupomedios.com\/futbol\/wp-json\/wp\/v2\/posts\/493483\/revisions\/493484"}],"wp:featuredmedia":[{"embeddable":true,"href":"http:\/\/desarrollo.grupomedios.com\/futbol\/wp-json\/wp\/v2\/media\/470115"}],"wp:attachment":[{"href":"http:\/\/desarrollo.grupomedios.com\/futbol\/wp-json\/wp\/v2\/media?parent=493483"}],"wp:term":[{"taxonomy":"category","embeddable":true,"href":"http:\/\/desarrollo.grupomedios.com\/futbol\/wp-json\/wp\/v2\/categories?post=493483"},{"taxonomy":"post_tag","embeddable":true,"href":"http:\/\/desarrollo.grupomedios.com\/futbol\/wp-json\/wp\/v2\/tags?post=493483"}],"curies":[{"name":"wp","href":"https:\/\/api.w.org\/{rel}","templated":true}]}}