{"id":493502,"date":"2017-08-12T13:18:30","date_gmt":"2017-08-12T18:18:30","guid":{"rendered":"https:\/\/www.futboltotal.com.mx\/?p=493502"},"modified":"2017-08-12T13:18:30","modified_gmt":"2017-08-12T18:18:30","slug":"almeyda-ya-espera-ofertas-europa-orbelin","status":"publish","type":"post","link":"http:\/\/desarrollo.grupomedios.com\/futbol\/futbol-mexicano\/almeyda-ya-espera-ofertas-europa-orbelin\/2017\/08","title":{"rendered":"Almeyda ya espera ofertas de Europa por Orbel\u00edn"},"content":{"rendered":"<p>El estratega de Chivas, <strong>Mat\u00edas Almeyda<\/strong> declar\u00f3 que est\u00e1 en una constante b\u00fasqueda de reemplazos para sus futbolistas, sobre todo <strong>Orbel\u00edn Pineda<\/strong>, quien piensa, llegar\u00e1 pronto a<strong> Europa<\/strong>.<\/p>\n<p>Al respecto, indic\u00f3 que el canterano, <strong>\u00c1ngel L\u00f3pez,<\/strong> ha tenido actividad, pues busca alguien que tenga un estilo de juego similar al de Pineda.<\/p>\n<p style=\"text-align: center;\"><span style=\"color: #333399;\"><a style=\"color: #333399;\" href=\"https:\/\/www.futboltotal.com.mx\/2017\/08\/chucky-lozano-anota-gol-psv-en-debut-la-eredivisie\/\" target=\"_blank\" rel=\"noopener noreferrer\">VER M\u00c1S: Chucky Lozano hace su primer gol con PSV<\/a><\/span><\/p>\n<p>&#8220;Yo tengo que ir preparando para el d\u00eda que Orbel\u00edn no est\u00e9 m\u00e1s, en alg\u00fan momento <strong>llegar\u00e1 una oferta de un club grande de Europa<\/strong> por \u00e9l y seguramente se tendr\u00e1 que ir; as\u00ed que yo tengo que estar buscando similitudes futbol\u00edsticas, no iguales, similares. Si ven hay otro jugador, <strong>Beltr\u00e1n<\/strong> y es muy bueno tambi\u00e9n&#8221;, expres\u00f3 en una entrevista para el<em> Diario Milenio<\/em>.<\/p>\n<p><iframe loading=\"lazy\" src=\"https:\/\/www.youtube.com\/embed\/wpmVXt3A0ys?start=36&#038;feature=oembed\" frameborder=\"0\" allowfullscreen><\/iframe><\/p>\n<p>Por otro lado, tambi\u00e9n sabe que<strong> Pizarro<\/strong> est\u00e1 teniendo actuaciones destacadas y ya piensa que podr\u00eda emigrar al Viejo Continente.<\/p>\n<p>&#8220;Creo que Pizarro es un gran jugador y ojal\u00e1 que pueda seguir en ese ritmo, con ese estilo. Despu\u00e9s sabemos que viene un<strong> Mundial<\/strong> por delante, todos ellos van a esforzarse al m\u00e1ximo para nuestras Chivas y tambi\u00e9n para ir al Mundial, y al regresar seguramente<strong> les llegar\u00e1n las propuestas de afuera<\/strong>&#8220;, extern\u00f3 el estratega.<\/p>\n<p style=\"text-align: center;\"><span style=\"color: #333399;\"><a style=\"color: #333399;\" href=\"https:\/\/www.futboltotal.com.mx\/2017\/08\/daniella-chavez-manda-mensaje-a-maradona-topless\/\" target=\"_blank\" rel=\"noopener noreferrer\">VER M\u00c1S: Daniella Ch\u00e1vez manda mensaje a Maradona con topless<\/a><\/span><\/p>\n","protected":false},"excerpt":{"rendered":"<p>El estratega est\u00e1 en busca de jugadores que reemplacen a Pineda<\/p>\n","protected":false},"author":20,"featured_media":479109,"comment_status":"closed","ping_status":"closed","sticky":false,"template":"","format":"standard","meta":[],"categories":[2198,3845],"tags":[70,1420,6546,4908],"_links":{"self":[{"href":"http:\/\/desarrollo.grupomedios.com\/futbol\/wp-json\/wp\/v2\/posts\/493502"}],"collection":[{"href":"http:\/\/desarrollo.grupomedios.com\/futbol\/wp-json\/wp\/v2\/posts"}],"about":[{"href":"http:\/\/desarrollo.grupomedios.com\/futbol\/wp-json\/wp\/v2\/types\/post"}],"author":[{"embeddable":true,"href":"http:\/\/desarrollo.grupomedios.com\/futbol\/wp-json\/wp\/v2\/users\/20"}],"replies":[{"embeddable":true,"href":"http:\/\/desarrollo.grupomedios.com\/futbol\/wp-json\/wp\/v2\/comments?post=493502"}],"version-history":[{"count":1,"href":"http:\/\/desarrollo.grupomedios.com\/futbol\/wp-json\/wp\/v2\/posts\/493502\/revisions"}],"predecessor-version":[{"id":493503,"href":"http:\/\/desarrollo.grupomedios.com\/futbol\/wp-json\/wp\/v2\/posts\/493502\/revisions\/493503"}],"wp:featuredmedia":[{"embeddable":true,"href":"http:\/\/desarrollo.grupomedios.com\/futbol\/wp-json\/wp\/v2\/media\/479109"}],"wp:attachment":[{"href":"http:\/\/desarrollo.grupomedios.com\/futbol\/wp-json\/wp\/v2\/media?parent=493502"}],"wp:term":[{"taxonomy":"category","embeddable":true,"href":"http:\/\/desarrollo.grupomedios.com\/futbol\/wp-json\/wp\/v2\/categories?post=493502"},{"taxonomy":"post_tag","embeddable":true,"href":"http:\/\/desarrollo.grupomedios.com\/futbol\/wp-json\/wp\/v2\/tags?post=493502"}],"curies":[{"name":"wp","href":"https:\/\/api.w.org\/{rel}","templated":true}]}}