{"id":493516,"date":"2017-08-12T15:42:53","date_gmt":"2017-08-12T20:42:53","guid":{"rendered":"https:\/\/www.futboltotal.com.mx\/?p=493516"},"modified":"2017-08-12T15:42:53","modified_gmt":"2017-08-12T20:42:53","slug":"chica-de-12-anos-la-rompe-en-la-liga-femenil","status":"publish","type":"post","link":"http:\/\/desarrollo.grupomedios.com\/futbol\/futbol-mexicano\/chica-de-12-anos-la-rompe-en-la-liga-femenil\/2017\/08","title":{"rendered":"Chica de 12 a\u00f1os la rompe en la Liga Femenil"},"content":{"rendered":"<p><strong>Layla Garc\u00eda<\/strong> se convirti\u00f3 en la chica m\u00e1s joven en debutar dentro de la Liga Femenil con tan solo 12 a\u00f1os y ocho meses de edad.<\/p>\n<p>La chica de <strong>Monarcas Morelia<\/strong> debut\u00f3 durante el juego de la Jornada 3 contra <strong>Cruz Azul<\/strong>, y pese a que fueron pocos minutos, demostr\u00f3 car\u00e1cter para afrontar el encuentro.<\/p>\n<p>Monarcas no tuvo una buena presentaci\u00f3n en su casa, despu\u00e9s de salir derrotado por 1-0 ante la M\u00e1quina.<\/p>\n<p style=\"text-align: center;\"><span style=\"color: #333399;\"><a style=\"color: #333399;\" href=\"https:\/\/www.futboltotal.com.mx\/2017\/08\/chivas-y-cruz-azul-ganan-en-la-liga-femenil\/\">VER M\u00c1S:\u00a0<span class=\"item-title\">Chivas y Cruz Azul ganan en la Liga Femenil<\/span><\/a><\/span><\/p>\n","protected":false},"excerpt":{"rendered":"<p>Layla Garc\u00eda se ha convertido en la chica m\u00e1s joven en debutar<\/p>\n","protected":false},"author":20,"featured_media":493518,"comment_status":"closed","ping_status":"closed","sticky":false,"template":"","format":"standard","meta":[],"categories":[2198,9628],"tags":[9720,8026,85],"_links":{"self":[{"href":"http:\/\/desarrollo.grupomedios.com\/futbol\/wp-json\/wp\/v2\/posts\/493516"}],"collection":[{"href":"http:\/\/desarrollo.grupomedios.com\/futbol\/wp-json\/wp\/v2\/posts"}],"about":[{"href":"http:\/\/desarrollo.grupomedios.com\/futbol\/wp-json\/wp\/v2\/types\/post"}],"author":[{"embeddable":true,"href":"http:\/\/desarrollo.grupomedios.com\/futbol\/wp-json\/wp\/v2\/users\/20"}],"replies":[{"embeddable":true,"href":"http:\/\/desarrollo.grupomedios.com\/futbol\/wp-json\/wp\/v2\/comments?post=493516"}],"version-history":[{"count":1,"href":"http:\/\/desarrollo.grupomedios.com\/futbol\/wp-json\/wp\/v2\/posts\/493516\/revisions"}],"predecessor-version":[{"id":493523,"href":"http:\/\/desarrollo.grupomedios.com\/futbol\/wp-json\/wp\/v2\/posts\/493516\/revisions\/493523"}],"wp:featuredmedia":[{"embeddable":true,"href":"http:\/\/desarrollo.grupomedios.com\/futbol\/wp-json\/wp\/v2\/media\/493518"}],"wp:attachment":[{"href":"http:\/\/desarrollo.grupomedios.com\/futbol\/wp-json\/wp\/v2\/media?parent=493516"}],"wp:term":[{"taxonomy":"category","embeddable":true,"href":"http:\/\/desarrollo.grupomedios.com\/futbol\/wp-json\/wp\/v2\/categories?post=493516"},{"taxonomy":"post_tag","embeddable":true,"href":"http:\/\/desarrollo.grupomedios.com\/futbol\/wp-json\/wp\/v2\/tags?post=493516"}],"curies":[{"name":"wp","href":"https:\/\/api.w.org\/{rel}","templated":true}]}}