{"id":493530,"date":"2017-08-12T16:26:44","date_gmt":"2017-08-12T21:26:44","guid":{"rendered":"https:\/\/www.futboltotal.com.mx\/?p=493530"},"modified":"2017-08-12T16:26:44","modified_gmt":"2017-08-12T21:26:44","slug":"usain-bolt-se-lesiona-en-ultima-carrera-profesional","status":"publish","type":"post","link":"http:\/\/desarrollo.grupomedios.com\/futbol\/no-todo-es-futbol\/running\/usain-bolt-se-lesiona-en-ultima-carrera-profesional\/2017\/08","title":{"rendered":"Usain Bolt se lesiona en su \u00faltima carrera como profesional"},"content":{"rendered":"<p>El jamaicano <strong>Usain Bolt<\/strong>, once veces campe\u00f3n mundial y ocho ol\u00edmpico, clausur\u00f3 hoy en Londres su carrera deportiva rodando por la pista lesionado en plena recta final cuando hab\u00eda recogido el testigo en tercer lugar en la final de relevos 4&#215;100 metros.<\/p>\n<p>A media recta, Bolt se ech\u00f3 la mano al muslo derecho y cay\u00f3 al suelo con gestos de dolor. All\u00ed permaneci\u00f3 durante dos minutos, antes de incorporarse para entrar caminando en la meta.<\/p>\n<p>La medalla de oro fue para Gran Breta\u00f1a, que con un crono de 37.47 bati\u00f3 al favorito, Estados Unidos (37.52) y a Jap\u00f3n (38.04).<\/p>\n<p style=\"text-align: center;\"><span style=\"color: #333399;\"><a style=\"color: #333399;\" href=\"https:\/\/www.futboltotal.com.mx\/2017\/08\/usain-bolt-se-retira-del-atletismo-con-medalla-bronce-en-los-100-metros\/\">VER M\u00c1S:\u00a0<span class=\"item-title\">Usain Bolt se retira del atletismo<\/span><\/a><\/span><\/p>\n","protected":false},"excerpt":{"rendered":"<p>El velocista jamaicano termin\u00f3 su carrera profesional, despu\u00e9s de 13 a\u00f1os<\/p>\n","protected":false},"author":20,"featured_media":493531,"comment_status":"closed","ping_status":"closed","sticky":false,"template":"","format":"standard","meta":[],"categories":[6411,5813],"tags":[1793],"_links":{"self":[{"href":"http:\/\/desarrollo.grupomedios.com\/futbol\/wp-json\/wp\/v2\/posts\/493530"}],"collection":[{"href":"http:\/\/desarrollo.grupomedios.com\/futbol\/wp-json\/wp\/v2\/posts"}],"about":[{"href":"http:\/\/desarrollo.grupomedios.com\/futbol\/wp-json\/wp\/v2\/types\/post"}],"author":[{"embeddable":true,"href":"http:\/\/desarrollo.grupomedios.com\/futbol\/wp-json\/wp\/v2\/users\/20"}],"replies":[{"embeddable":true,"href":"http:\/\/desarrollo.grupomedios.com\/futbol\/wp-json\/wp\/v2\/comments?post=493530"}],"version-history":[{"count":1,"href":"http:\/\/desarrollo.grupomedios.com\/futbol\/wp-json\/wp\/v2\/posts\/493530\/revisions"}],"predecessor-version":[{"id":493532,"href":"http:\/\/desarrollo.grupomedios.com\/futbol\/wp-json\/wp\/v2\/posts\/493530\/revisions\/493532"}],"wp:featuredmedia":[{"embeddable":true,"href":"http:\/\/desarrollo.grupomedios.com\/futbol\/wp-json\/wp\/v2\/media\/493531"}],"wp:attachment":[{"href":"http:\/\/desarrollo.grupomedios.com\/futbol\/wp-json\/wp\/v2\/media?parent=493530"}],"wp:term":[{"taxonomy":"category","embeddable":true,"href":"http:\/\/desarrollo.grupomedios.com\/futbol\/wp-json\/wp\/v2\/categories?post=493530"},{"taxonomy":"post_tag","embeddable":true,"href":"http:\/\/desarrollo.grupomedios.com\/futbol\/wp-json\/wp\/v2\/tags?post=493530"}],"curies":[{"name":"wp","href":"https:\/\/api.w.org\/{rel}","templated":true}]}}