{"id":493547,"date":"2017-08-12T18:22:25","date_gmt":"2017-08-12T23:22:25","guid":{"rendered":"https:\/\/www.futboltotal.com.mx\/?p=493547"},"modified":"2017-08-12T18:22:50","modified_gmt":"2017-08-12T23:22:50","slug":"fue-un-gran-partido-y-un-gol-bonito-hirving-lozano","status":"publish","type":"post","link":"http:\/\/desarrollo.grupomedios.com\/futbol\/futbol-internacional\/fue-un-gran-partido-y-un-gol-bonito-hirving-lozano\/2017\/08","title":{"rendered":"Fue un partido y un gol muy bonito: Hirving Lozano"},"content":{"rendered":"<p><strong>Hirving Lozano<\/strong> afirm\u00f3 que &#8220;fue un partido muy bonito&#8221; el de su debut con el PSV de este s\u00e1bado en la liga holandesa.<\/p>\n<p>El delantero mexicano destac\u00f3 que &#8220;el equipo se mostr\u00f3 muy bien, estuvimos muy bien, anot\u00e9 y lo m\u00e1s importante es que logramos la victoria&#8221;.<\/p>\n<p>Lozano logr\u00f3 el primer gol para el <strong>PSV<\/strong> al minuto 31 y fue parte vital del triunfo 3-2 sobre el AZ Alkmaar.<\/p>\n<p style=\"text-align: center;\"><span style=\"color: #333399;\"><a style=\"color: #333399;\" href=\"https:\/\/www.futboltotal.com.mx\/2017\/08\/psv-gana-gol-chucky-lozano-az-alkmaar\/\">VER M\u00c1S:\u00a0<span class=\"item-title\">PSV gana con gol de Chucky Lozano al AZ Alkmaar<\/span><\/a><\/span><\/p>\n","protected":false},"excerpt":{"rendered":"<p>El delantero mexicano tuvo un debut de ensue\u00f1o con gol en Holanda<\/p>\n","protected":false},"author":20,"featured_media":493549,"comment_status":"closed","ping_status":"closed","sticky":false,"template":"","format":"standard","meta":[],"categories":[9721,3839],"tags":[4420,5196,2044],"_links":{"self":[{"href":"http:\/\/desarrollo.grupomedios.com\/futbol\/wp-json\/wp\/v2\/posts\/493547"}],"collection":[{"href":"http:\/\/desarrollo.grupomedios.com\/futbol\/wp-json\/wp\/v2\/posts"}],"about":[{"href":"http:\/\/desarrollo.grupomedios.com\/futbol\/wp-json\/wp\/v2\/types\/post"}],"author":[{"embeddable":true,"href":"http:\/\/desarrollo.grupomedios.com\/futbol\/wp-json\/wp\/v2\/users\/20"}],"replies":[{"embeddable":true,"href":"http:\/\/desarrollo.grupomedios.com\/futbol\/wp-json\/wp\/v2\/comments?post=493547"}],"version-history":[{"count":1,"href":"http:\/\/desarrollo.grupomedios.com\/futbol\/wp-json\/wp\/v2\/posts\/493547\/revisions"}],"predecessor-version":[{"id":493550,"href":"http:\/\/desarrollo.grupomedios.com\/futbol\/wp-json\/wp\/v2\/posts\/493547\/revisions\/493550"}],"wp:featuredmedia":[{"embeddable":true,"href":"http:\/\/desarrollo.grupomedios.com\/futbol\/wp-json\/wp\/v2\/media\/493549"}],"wp:attachment":[{"href":"http:\/\/desarrollo.grupomedios.com\/futbol\/wp-json\/wp\/v2\/media?parent=493547"}],"wp:term":[{"taxonomy":"category","embeddable":true,"href":"http:\/\/desarrollo.grupomedios.com\/futbol\/wp-json\/wp\/v2\/categories?post=493547"},{"taxonomy":"post_tag","embeddable":true,"href":"http:\/\/desarrollo.grupomedios.com\/futbol\/wp-json\/wp\/v2\/tags?post=493547"}],"curies":[{"name":"wp","href":"https:\/\/api.w.org\/{rel}","templated":true}]}}