{"id":493600,"date":"2017-08-13T07:00:25","date_gmt":"2017-08-13T12:00:25","guid":{"rendered":"https:\/\/www.futboltotal.com.mx\/?p=493600"},"modified":"2017-08-13T17:26:59","modified_gmt":"2017-08-13T22:26:59","slug":"en-vivo-barcelona-vs-real-madrid-supercopa-espana","status":"publish","type":"post","link":"http:\/\/desarrollo.grupomedios.com\/futbol\/futbol-internacional\/en-vivo-barcelona-vs-real-madrid-supercopa-espana\/2017\/08","title":{"rendered":"AS\u00cd SE VIVI\u00d3 | Barcelona 1-3 Real Madrid | Supercopa de Espa\u00f1a"},"content":{"rendered":"<p>El primer Cl\u00e1sico se juega este domingo cuando se enfrenten <strong>Barcelona y Real Madrid<\/strong> en la ida de la <strong>Supercopa de Espa\u00f1a<\/strong>.<\/p>\n<p>Barcelona enfrenta el primer juego oficial de la era post-Neymar, y con Lionel Messi y Luis Su\u00e1rez tendr\u00e1n que cargar con la ofensiva cul\u00e9, en b\u00fasqueda del tercer personaje que conforme la nueva delantera cul\u00e9.<\/p>\n<iframe src=\"https:\/\/en-vivo.futboltotal.com.mx\/embed.php\/?id=209\" width=\"100%\" id=\"frame_minuto\"><\/iframe>\n<p>Real Madrid viene de vivir una gran temporada con Zinedine Zidane, con quien gan\u00f3 la Liga y fue campe\u00f3n de la Champions League.<\/p>\n<p>Los fichajes en ambas escuadras no han llegado de forma estratosf\u00e9rica, nombres como Mbapp\u00e9, Coutinho, Dembel\u00e9 se tienen en el orbe, pero ahora es tiempo de Supercopa de Espa\u00f1a, y ninguno va a querer perder cuando de un Cl\u00e1sico se habla.<\/p>\n","protected":false},"excerpt":{"rendered":"<p>El campe\u00f3n de Liga contra el campe\u00f3n de Copa, el Cl\u00e1sico est\u00e1 presente<\/p>\n","protected":false},"author":20,"featured_media":493669,"comment_status":"closed","ping_status":"closed","sticky":false,"template":"","format":"standard","meta":[],"categories":[3839,3844],"tags":[5984,5988,299],"_links":{"self":[{"href":"http:\/\/desarrollo.grupomedios.com\/futbol\/wp-json\/wp\/v2\/posts\/493600"}],"collection":[{"href":"http:\/\/desarrollo.grupomedios.com\/futbol\/wp-json\/wp\/v2\/posts"}],"about":[{"href":"http:\/\/desarrollo.grupomedios.com\/futbol\/wp-json\/wp\/v2\/types\/post"}],"author":[{"embeddable":true,"href":"http:\/\/desarrollo.grupomedios.com\/futbol\/wp-json\/wp\/v2\/users\/20"}],"replies":[{"embeddable":true,"href":"http:\/\/desarrollo.grupomedios.com\/futbol\/wp-json\/wp\/v2\/comments?post=493600"}],"version-history":[{"count":4,"href":"http:\/\/desarrollo.grupomedios.com\/futbol\/wp-json\/wp\/v2\/posts\/493600\/revisions"}],"predecessor-version":[{"id":493685,"href":"http:\/\/desarrollo.grupomedios.com\/futbol\/wp-json\/wp\/v2\/posts\/493600\/revisions\/493685"}],"wp:featuredmedia":[{"embeddable":true,"href":"http:\/\/desarrollo.grupomedios.com\/futbol\/wp-json\/wp\/v2\/media\/493669"}],"wp:attachment":[{"href":"http:\/\/desarrollo.grupomedios.com\/futbol\/wp-json\/wp\/v2\/media?parent=493600"}],"wp:term":[{"taxonomy":"category","embeddable":true,"href":"http:\/\/desarrollo.grupomedios.com\/futbol\/wp-json\/wp\/v2\/categories?post=493600"},{"taxonomy":"post_tag","embeddable":true,"href":"http:\/\/desarrollo.grupomedios.com\/futbol\/wp-json\/wp\/v2\/tags?post=493600"}],"curies":[{"name":"wp","href":"https:\/\/api.w.org\/{rel}","templated":true}]}}