{"id":493648,"date":"2017-08-13T13:48:05","date_gmt":"2017-08-13T18:48:05","guid":{"rendered":"https:\/\/www.futboltotal.com.mx\/?p=493648"},"modified":"2017-08-13T13:48:05","modified_gmt":"2017-08-13T18:48:05","slug":"bielsa-usa-a-tres-porteros-en-derrota-lille","status":"publish","type":"post","link":"http:\/\/desarrollo.grupomedios.com\/futbol\/futbol-internacional\/bielsa-usa-a-tres-porteros-en-derrota-lille\/2017\/08","title":{"rendered":"Bielsa utiliza a tres porteros en la derrota del Lille"},"content":{"rendered":"<p>El t\u00e9cnico argentino,<a href=\"https:\/\/www.futboltotal.com.mx\/2017\/06\/bielsa-represento-cambio-chile-arturo-vidal\/\" target=\"_blank\" rel=\"noopener noreferrer\"><span style=\"color: #333399;\"> <strong>Marcelo Bielsa<\/strong><\/span><\/a>, dio de qu\u00e9 hablar en la <a href=\"https:\/\/www.futboltotal.com.mx\/2017\/04\/la-ligue-1-reconoce-y-felicita-a-andre-pierre-gignac\/\" target=\"_blank\" rel=\"noopener noreferrer\"><span style=\"color: #333399;\"><strong>Ligue 1<\/strong><\/span><\/a> luego de que el <a href=\"https:\/\/www.futboltotal.com.mx\/2017\/06\/javier-aquino-en-la-mira-del-lille-francia\/\" target=\"_blank\" rel=\"noopener noreferrer\"><span style=\"color: #333399;\"><strong>Lille<\/strong><\/span><\/a> utilizara a tres arqueros en un mismo encuentro, tras las lesiones y expulsiones, en la goleada del reci\u00e9n ascendido <strong>Strasbourg.<\/strong><\/p>\n<p style=\"text-align: center;\"><a href=\"https:\/\/www.futboltotal.com.mx\/2017\/08\/borussia-dortmund-suspende-indefinidamente-a-dembele\/\" target=\"_blank\" rel=\"noopener noreferrer\"><span style=\"color: #333399;\">VER M\u00c1S:\u00a0Borussia Dortmund suspende de forma indefinida a Dembel\u00e9<\/span><\/a><\/p>\n<p>El encuentro celebrado en el <strong>Stade de la Meinau<\/strong> fue una aut\u00e9ntica pesadilla para el conjunto del argentino, ya que al minuto 12\u2019 el brasile\u00f1o <strong>Thiago Mendes<\/strong> tuvo que salir por lesi\u00f3n, siete minutos m\u00e1s tarde, <strong>Kevin Maicutt<\/strong> se lesion\u00f3 y <strong>Thiago Maia<\/strong> ingres\u00f3 en su lugar, pero eso no fue todo, ya que al 37\u2019 <strong>Fode Toure<\/strong> tambi\u00e9n abandon\u00f3 el campo entre algodones.<\/p>\n<p style=\"text-align: center;\"><a href=\"https:\/\/www.futboltotal.com.mx\/2017\/08\/capitan-del-guangzhou-aseguro-paulinho-ya-del-barcelona\/\" target=\"_blank\" rel=\"noopener noreferrer\"><span style=\"color: #333399;\">VER M\u00c1S:\u00a0Capit\u00e1n del Guangzhou asegur\u00f3 que Paulinho ya es del Barcelona<\/span><\/a><\/p>\n<p>Ya en la segunda mitad, el arquero <strong>Mike Maignan<\/strong> se enganch\u00f3 con un contrario y le propin\u00f3 un balonazo, situaci\u00f3n que le cost\u00f3 irse expulsado. Ya sin movimientos disponibles, <strong>Nicolas de Preville<\/strong> tuvo que ponerse los guantes, en la goleada de 3-0 del <strong>Strasbourg.<\/strong><\/p>\n","protected":false},"excerpt":{"rendered":"<p>Extra\u00f1o caso el que vivi\u00f3 Marcelo Bielsa con el Lille<\/p>\n","protected":false},"author":20,"featured_media":462408,"comment_status":"closed","ping_status":"closed","sticky":false,"template":"","format":"standard","meta":[],"categories":[3839,9609],"tags":[408,582,1173,9723],"_links":{"self":[{"href":"http:\/\/desarrollo.grupomedios.com\/futbol\/wp-json\/wp\/v2\/posts\/493648"}],"collection":[{"href":"http:\/\/desarrollo.grupomedios.com\/futbol\/wp-json\/wp\/v2\/posts"}],"about":[{"href":"http:\/\/desarrollo.grupomedios.com\/futbol\/wp-json\/wp\/v2\/types\/post"}],"author":[{"embeddable":true,"href":"http:\/\/desarrollo.grupomedios.com\/futbol\/wp-json\/wp\/v2\/users\/20"}],"replies":[{"embeddable":true,"href":"http:\/\/desarrollo.grupomedios.com\/futbol\/wp-json\/wp\/v2\/comments?post=493648"}],"version-history":[{"count":1,"href":"http:\/\/desarrollo.grupomedios.com\/futbol\/wp-json\/wp\/v2\/posts\/493648\/revisions"}],"predecessor-version":[{"id":493650,"href":"http:\/\/desarrollo.grupomedios.com\/futbol\/wp-json\/wp\/v2\/posts\/493648\/revisions\/493650"}],"wp:featuredmedia":[{"embeddable":true,"href":"http:\/\/desarrollo.grupomedios.com\/futbol\/wp-json\/wp\/v2\/media\/462408"}],"wp:attachment":[{"href":"http:\/\/desarrollo.grupomedios.com\/futbol\/wp-json\/wp\/v2\/media?parent=493648"}],"wp:term":[{"taxonomy":"category","embeddable":true,"href":"http:\/\/desarrollo.grupomedios.com\/futbol\/wp-json\/wp\/v2\/categories?post=493648"},{"taxonomy":"post_tag","embeddable":true,"href":"http:\/\/desarrollo.grupomedios.com\/futbol\/wp-json\/wp\/v2\/tags?post=493648"}],"curies":[{"name":"wp","href":"https:\/\/api.w.org\/{rel}","templated":true}]}}