{"id":493672,"date":"2017-08-13T17:00:34","date_gmt":"2017-08-13T22:00:34","guid":{"rendered":"https:\/\/www.futboltotal.com.mx\/?p=493672"},"modified":"2017-08-13T17:00:34","modified_gmt":"2017-08-13T22:00:34","slug":"cronica-resultado-barcelona-1-3-real-madrid-supercopa-espana","status":"publish","type":"post","link":"http:\/\/desarrollo.grupomedios.com\/futbol\/destacado-home\/cronica-resultado-barcelona-1-3-real-madrid-supercopa-espana\/2017\/08","title":{"rendered":"Real Madrid vence al Barcelona en el juego de ida de la Supercopa"},"content":{"rendered":"<p>Este domingo se llev\u00f3 a cabo el duelo de ida de la <strong>Supercopa de Espa\u00f1a<\/strong> entre <strong>Barcelona<\/strong> y <strong>Real Madrid<\/strong>, en la cancha del <strong>Camp Nou<\/strong>, en el que la escuadra blanca se llev\u00f3 la ventaja parcial de 2-1 para el juego de vuelta.<\/p>\n<p style=\"text-align: center;\"><a href=\"https:\/\/www.futboltotal.com.mx\/2017\/08\/ochoa-standard-cometen-tremendo-oso\/\" target=\"_blank\" rel=\"noopener noreferrer\"><span style=\"color: #333399;\">VER M\u00c1S:\u00a0As\u00ed fue el oso de Ochoa con el Standard de Lieja<\/span><\/a><\/p>\n<p>El primer tiempo fue a favor del<strong> Barcelona<\/strong>, ya que se adue\u00f1o de las acciones gracias a su toque de bal\u00f3n; sin embargo, no logr\u00f3 inquietar a <strong>Keylor Navas<\/strong>, mientras que <strong>Real Madrid<\/strong> lleg\u00f3 poco pero si logr\u00f3 preocupar a la zaga blaugrana y a <strong>Ter Stegen<\/strong>, primero, <strong>Isco<\/strong> encar\u00f3 al \u00e1rea y disparo de derecha pero el bal\u00f3n se fue por un costado y la otra de peligro fue por conducto de <strong>Bale<\/strong>, quien le peg\u00f3 de primera intenci\u00f3n y el guardameta alem\u00e1n desvi\u00f3 con las manos para salvar su meta y decretar el empate parcial a 0-0 al t\u00e9rmino del primer tiempo.<\/p>\n<p style=\"text-align: center;\"><a href=\"https:\/\/www.futboltotal.com.mx\/2017\/08\/celta-vigo-propina-goleada-a-la-roma-moreno\/\" target=\"_blank\" rel=\"noopener noreferrer\"><span style=\"color: #333399;\">VER M\u00c1S:\u00a0Celta de Vigo propina goleada a la Roma de Moreno<\/span><\/a><\/p>\n<p>Ya en el segundo tiempo, <strong>Real Madrid<\/strong> logr\u00f3 agobiar a los cul\u00e9s por un lapso de 15 minutos, en los que encontr\u00f3 el gol por conducto de <strong>Gerard Piqu\u00e9<\/strong>, quien envi\u00f3 el bal\u00f3n a propia puerta tras un centro raso de <strong>Marcelo. Barcelona<\/strong> busc\u00f3 igualar el marcador pero no logr\u00f3 con la punter\u00eda suficiente para batir a <strong>Keylor Navas<\/strong>, tuvo que llegar un penal inexistente sobre <strong>Su\u00e1rez<\/strong> que el \u00e1rbitro decret\u00f3 penal y <strong>Messi<\/strong> convirti\u00f3; sin embargo, al 79&#8242; <strong>Ronaldo<\/strong> marc\u00f3 un golazo y puso en ventaja a los visitantes y por \u00faltimo, al 89&#8242;, Asensio sac\u00f3 un riflazo que se col\u00f3 al fondo de la porter\u00eda y puso cifras definitivas.<\/p>\n<blockquote class=\"twitter-video\" data-lang=\"es\">\n<p dir=\"ltr\" lang=\"es\">Con este Autogol de Pique Real Madrid lo gana 1-0. <a href=\"https:\/\/twitter.com\/hashtag\/HalaMadrid?src=hash\">#HalaMadrid<\/a> <a href=\"https:\/\/t.co\/5Sh2edqZJT\">pic.twitter.com\/5Sh2edqZJT<\/a><\/p>\n<p>\u2014 Rayado &#x1f535; (@Rayado__) <a href=\"https:\/\/twitter.com\/Rayado__\/status\/896843791101022208\">13 de agosto de 2017<\/a><\/p><\/blockquote>\n<p><script async src=\"\/\/platform.twitter.com\/widgets.js\" charset=\"utf-8\"><\/script><\/p>\n<p><iframe loading=\"lazy\" src=\"https:\/\/www.youtube.com\/embed\/LhQFoOW4dns?feature=oembed\" frameborder=\"0\" allowfullscreen><\/iframe><\/p>\n<p><iframe loading=\"lazy\" src=\"https:\/\/www.youtube.com\/embed\/HYatR8H3TrU?feature=oembed\" frameborder=\"0\" allowfullscreen><\/iframe><\/p>\n<p>&nbsp;<\/p>\n<blockquote class=\"twitter-video\" data-lang=\"es\">\n<p dir=\"ltr\" lang=\"en\"><a href=\"https:\/\/twitter.com\/hashtag\/Asensio?src=hash\">#Asensio<\/a>, super gol!!<a href=\"https:\/\/twitter.com\/hashtag\/BarcaReal?src=hash\">#BarcaReal<\/a> 1-3<a href=\"https:\/\/twitter.com\/hashtag\/FCBRMA?src=hash\">#FCBRMA<\/a> <a href=\"https:\/\/t.co\/C0CyIk3Wzy\">pic.twitter.com\/C0CyIk3Wzy<\/a><\/p>\n<p>\u2014 Luca Veneruso (@il_lidl) <a href=\"https:\/\/twitter.com\/il_lidl\/status\/896852099304226816\">13 de agosto de 2017<\/a><\/p><\/blockquote>\n<p><script async src=\"\/\/platform.twitter.com\/widgets.js\" charset=\"utf-8\"><\/script><\/p>\n","protected":false},"excerpt":{"rendered":"<p>Barcelona visitar\u00e1 al Real Madrid en la &#8216;Casa Blanca&#8217; con desventaja<\/p>\n","protected":false},"author":20,"featured_media":493681,"comment_status":"closed","ping_status":"closed","sticky":false,"template":"","format":"standard","meta":[],"categories":[5,3839,3844],"tags":[5984,5988,299],"_links":{"self":[{"href":"http:\/\/desarrollo.grupomedios.com\/futbol\/wp-json\/wp\/v2\/posts\/493672"}],"collection":[{"href":"http:\/\/desarrollo.grupomedios.com\/futbol\/wp-json\/wp\/v2\/posts"}],"about":[{"href":"http:\/\/desarrollo.grupomedios.com\/futbol\/wp-json\/wp\/v2\/types\/post"}],"author":[{"embeddable":true,"href":"http:\/\/desarrollo.grupomedios.com\/futbol\/wp-json\/wp\/v2\/users\/20"}],"replies":[{"embeddable":true,"href":"http:\/\/desarrollo.grupomedios.com\/futbol\/wp-json\/wp\/v2\/comments?post=493672"}],"version-history":[{"count":2,"href":"http:\/\/desarrollo.grupomedios.com\/futbol\/wp-json\/wp\/v2\/posts\/493672\/revisions"}],"predecessor-version":[{"id":493682,"href":"http:\/\/desarrollo.grupomedios.com\/futbol\/wp-json\/wp\/v2\/posts\/493672\/revisions\/493682"}],"wp:featuredmedia":[{"embeddable":true,"href":"http:\/\/desarrollo.grupomedios.com\/futbol\/wp-json\/wp\/v2\/media\/493681"}],"wp:attachment":[{"href":"http:\/\/desarrollo.grupomedios.com\/futbol\/wp-json\/wp\/v2\/media?parent=493672"}],"wp:term":[{"taxonomy":"category","embeddable":true,"href":"http:\/\/desarrollo.grupomedios.com\/futbol\/wp-json\/wp\/v2\/categories?post=493672"},{"taxonomy":"post_tag","embeddable":true,"href":"http:\/\/desarrollo.grupomedios.com\/futbol\/wp-json\/wp\/v2\/tags?post=493672"}],"curies":[{"name":"wp","href":"https:\/\/api.w.org\/{rel}","templated":true}]}}