{"id":493674,"date":"2017-08-13T16:10:18","date_gmt":"2017-08-13T21:10:18","guid":{"rendered":"https:\/\/www.futboltotal.com.mx\/?p=493674"},"modified":"2017-08-13T16:10:18","modified_gmt":"2017-08-13T21:10:18","slug":"revive-gol-la-asistencia-neymar-en-debut-psg","status":"publish","type":"post","link":"http:\/\/desarrollo.grupomedios.com\/futbol\/videos\/revive-gol-la-asistencia-neymar-en-debut-psg\/2017\/08","title":{"rendered":"Revive el gol y la asistencia de Neymar en su debut con el PSG"},"content":{"rendered":"<p>El estreno del brasile\u00f1o <strong>Neymar<\/strong> con el <strong>Par\u00eds Saint Germain<\/strong> proporcion\u00f3 la victoria del conjunto de Unai Emery en Guingamp (0-3), en el encuentro que complet\u00f3 la segunda jornada de la Liga de Francia, invadido por la expectaci\u00f3n que gener\u00f3 la presencia del exjugador del Barcelona.<\/p>\n<blockquote class=\"twitter-tweet\" data-width=\"500\">\n<p lang=\"es\" dir=\"ltr\">\u00a1TRIUNFO! 2 DE 2. Gran victoria en Guingamp para sumar de a 3 por segunda semana consecutiva.  <a href=\"https:\/\/twitter.com\/hashtag\/EAGPSG?src=hash\">#EAGPSG<\/a> <a href=\"https:\/\/t.co\/AFkF3Wi8Wf\">pic.twitter.com\/AFkF3Wi8Wf<\/a><\/p>\n<p>&mdash; PSG Espa\u00f1ol (@PSG_espanol) <a href=\"https:\/\/twitter.com\/PSG_espanol\/status\/896836147355283456\">August 13, 2017<\/a><\/p><\/blockquote>\n<p><script async src=\"\/\/platform.twitter.com\/widgets.js\" charset=\"utf-8\"><\/script><\/p>\n<p>Los m\u00e1s de 18.000 asientos del estadio de Roudourou se poblaron para presenciar la puesta de largo en Francia de Neymar, que lider\u00f3 el ataque parisino junto al uruguayo Edinson Cavani y el argentino \u00c1ngel Di Mar\u00eda.<\/p>\n<p style=\"text-align: center;\"><span style=\"color: #3366ff;\"><a style=\"color: #3366ff;\" href=\"https:\/\/www.futboltotal.com.mx\/2017\/08\/abogado-marquez-revela-vinculado-narco\/\">VER M\u00c1S: Abogado de M\u00e1rquez revela porqu\u00e9 es vinculado con el narco<\/a><\/span><\/p>\n<p>Fue un estreno so\u00f1ado. El jugador m\u00e1s caro del mundo, que lleg\u00f3 al f\u00fatbol galo por 222 millones de euros, disput\u00f3 los noventa minutos, marc\u00f3 un gol y particip\u00f3 en los otros dos. Fue con un gol en propia puerta del congole\u00f1o Jordan Ikoko, que se interpuso en un pase que <strong>Neymar<\/strong> intent\u00f3 proporcionar a Edinson Cavani.<\/p>\n<p>Diez despu\u00e9s lleg\u00f3 el segundo tanto, que sentenci\u00f3 el choque. Cavani aprovech\u00f3 un gran pase al espacio de <strong>Neymar<\/strong> para superar al meta Karl-Johan Johnsson y llevar el bal\u00f3n a la red.<\/p>\n<p>https:\/\/twitter.com\/momouruguay\/status\/896833120707772416<\/p>\n<p>El primer gol de Neymar en Francia lleg\u00f3 a siete del final, en un barullo en el \u00e1rea local que termin\u00f3 con un centro de Cavani al brasile\u00f1o que anot\u00f3 a puerta vac\u00eda para sellar la segunda victoria del conjunto de Emery en el torneo. EFE<\/p>\n<p>https:\/\/twitter.com\/adelarosa_espn\/status\/896834357163327488<\/p>\n","protected":false},"excerpt":{"rendered":"<p>El brasile\u00f1o inici\u00f3 con el pie derecho su aventura en Francia.<\/p>\n","protected":false},"author":144,"featured_media":493676,"comment_status":"closed","ping_status":"closed","sticky":false,"template":"","format":"standard","meta":[],"categories":[3839,9609,4],"tags":[408,6001,114],"_links":{"self":[{"href":"http:\/\/desarrollo.grupomedios.com\/futbol\/wp-json\/wp\/v2\/posts\/493674"}],"collection":[{"href":"http:\/\/desarrollo.grupomedios.com\/futbol\/wp-json\/wp\/v2\/posts"}],"about":[{"href":"http:\/\/desarrollo.grupomedios.com\/futbol\/wp-json\/wp\/v2\/types\/post"}],"author":[{"embeddable":true,"href":"http:\/\/desarrollo.grupomedios.com\/futbol\/wp-json\/wp\/v2\/users\/144"}],"replies":[{"embeddable":true,"href":"http:\/\/desarrollo.grupomedios.com\/futbol\/wp-json\/wp\/v2\/comments?post=493674"}],"version-history":[{"count":1,"href":"http:\/\/desarrollo.grupomedios.com\/futbol\/wp-json\/wp\/v2\/posts\/493674\/revisions"}],"predecessor-version":[{"id":493677,"href":"http:\/\/desarrollo.grupomedios.com\/futbol\/wp-json\/wp\/v2\/posts\/493674\/revisions\/493677"}],"wp:featuredmedia":[{"embeddable":true,"href":"http:\/\/desarrollo.grupomedios.com\/futbol\/wp-json\/wp\/v2\/media\/493676"}],"wp:attachment":[{"href":"http:\/\/desarrollo.grupomedios.com\/futbol\/wp-json\/wp\/v2\/media?parent=493674"}],"wp:term":[{"taxonomy":"category","embeddable":true,"href":"http:\/\/desarrollo.grupomedios.com\/futbol\/wp-json\/wp\/v2\/categories?post=493674"},{"taxonomy":"post_tag","embeddable":true,"href":"http:\/\/desarrollo.grupomedios.com\/futbol\/wp-json\/wp\/v2\/tags?post=493674"}],"curies":[{"name":"wp","href":"https:\/\/api.w.org\/{rel}","templated":true}]}}