{"id":493683,"date":"2017-08-13T17:21:09","date_gmt":"2017-08-13T22:21:09","guid":{"rendered":"https:\/\/www.futboltotal.com.mx\/?p=493683"},"modified":"2017-08-13T17:21:09","modified_gmt":"2017-08-13T22:21:09","slug":"atlas-analiza-traer-sustituto-para-marquez","status":"publish","type":"post","link":"http:\/\/desarrollo.grupomedios.com\/futbol\/destacado-home\/atlas-analiza-traer-sustituto-para-marquez\/2017\/08","title":{"rendered":"Atlas analiza traer un sustituto para M\u00e1rquez"},"content":{"rendered":"<p>Luego de que el <strong>Departamento del Tesoro de Estados Unidos<\/strong> vinculara a<a href=\"https:\/\/www.futboltotal.com.mx\/2017\/08\/abogado-marquez-revela-vinculado-narco\/\" target=\"_blank\" rel=\"noopener noreferrer\"><span style=\"color: #333399;\"><strong> Rafael M\u00e1rquez<\/strong><\/span><\/a> con el narcotraficante <strong>Ra\u00fal Flores<\/strong>, el jugador de los rojinegros del <a href=\"https:\/\/www.futboltotal.com.mx\/2017\/08\/atlas-pierde-a-clifford-aboagye-tiempo-indefinido\/\" target=\"_blank\" rel=\"noopener noreferrer\"><span style=\"color: #333399;\"><strong>Atlas<\/strong><\/span><\/a> tendr\u00e1 que arreglar su situaci\u00f3n legal, por lo que los <em>Zorros<\/em> ya se encuentran analizando fichar a otro jugador para sustituir al <em>K\u00e1iser.<\/em><\/p>\n<p>\u201cEstamos checando esa situaci\u00f3n, no queremos ser irresponsables con la determinaci\u00f3n r\u00e1pida de traer un refuerzo en su lugar. Es posible, a\u00fan no se ha cerrado el marcado y lo vamos a considerar. En la semana analizaremos bien para decidir, pero no al vapor. No es por traer, sino traer alguien que nos venga a fortalecer ante estas desafortunadas circunstancias. Ahorita no s\u00f3lo es Rafa sino me preocupa tambi\u00e9n lo de Clifford\u201d, declar\u00f3 el profe <strong>Cruz.<\/strong><\/p>\n<p style=\"text-align: center;\"><a href=\"https:\/\/www.futboltotal.com.mx\/2017\/08\/cronica-resultado-barcelona-1-3-real-madrid-supercopa-espana\/\" target=\"_blank\" rel=\"noopener noreferrer\"><span style=\"color: #333399;\">VER M\u00c1S:\u00a0Real Madrid vence al Barcelona en el juego de ida de la Supercopa<\/span><\/a><\/p>\n<blockquote><p>\u201cSabr\u00e1s que hay una afectaci\u00f3n importante. Tenemos un compa\u00f1ero en una situaci\u00f3n delicada y estamos seguros que saldr\u00e1 bien librado porque conocemos su integridad moral. No tenemos duda, pero s\u00ed lo vamos a extra\u00f1ar por lo que representa y la influencia que tiene. Nos toca no quedarnos en eso, es la realidad y tenemos que enfrentarla buscando soluciones\u201d.<\/p>\n<p>\u201cNo he hablado con \u00e9l, pero todos estamos con \u00e9l. Estamos claro que es un ser humano \u00edntegro. No tenemos la menor duda que saldr\u00e1 bien librado de esto. Hay presunci\u00f3n de inocencia. Despu\u00e9s, nos prepararemos para encontrar el sustituto, ya estuvo Daniel Arreola\u201d.<\/p><\/blockquote>\n<p style=\"text-align: center;\"><a href=\"https:\/\/www.futboltotal.com.mx\/2017\/08\/lazio-le-robo-primer-titulo-la-temporada-a-la-juve\/\" target=\"_blank\" rel=\"noopener noreferrer\"><span style=\"color: #333399;\">VER M\u00c1S:\u00a0Lazio le rob\u00f3 el primer t\u00edtulo de la temporada a la Juve<\/span><\/a><\/p>\n","protected":false},"excerpt":{"rendered":"<p>En esta semana se definir\u00e1 si Atlas contrata o no a un nuevo refuerzo<\/p>\n","protected":false},"author":20,"featured_media":493381,"comment_status":"closed","ping_status":"closed","sticky":false,"template":"","format":"standard","meta":[],"categories":[5,2198,3845],"tags":[5961,77,6033,9688],"_links":{"self":[{"href":"http:\/\/desarrollo.grupomedios.com\/futbol\/wp-json\/wp\/v2\/posts\/493683"}],"collection":[{"href":"http:\/\/desarrollo.grupomedios.com\/futbol\/wp-json\/wp\/v2\/posts"}],"about":[{"href":"http:\/\/desarrollo.grupomedios.com\/futbol\/wp-json\/wp\/v2\/types\/post"}],"author":[{"embeddable":true,"href":"http:\/\/desarrollo.grupomedios.com\/futbol\/wp-json\/wp\/v2\/users\/20"}],"replies":[{"embeddable":true,"href":"http:\/\/desarrollo.grupomedios.com\/futbol\/wp-json\/wp\/v2\/comments?post=493683"}],"version-history":[{"count":1,"href":"http:\/\/desarrollo.grupomedios.com\/futbol\/wp-json\/wp\/v2\/posts\/493683\/revisions"}],"predecessor-version":[{"id":493684,"href":"http:\/\/desarrollo.grupomedios.com\/futbol\/wp-json\/wp\/v2\/posts\/493683\/revisions\/493684"}],"wp:featuredmedia":[{"embeddable":true,"href":"http:\/\/desarrollo.grupomedios.com\/futbol\/wp-json\/wp\/v2\/media\/493381"}],"wp:attachment":[{"href":"http:\/\/desarrollo.grupomedios.com\/futbol\/wp-json\/wp\/v2\/media?parent=493683"}],"wp:term":[{"taxonomy":"category","embeddable":true,"href":"http:\/\/desarrollo.grupomedios.com\/futbol\/wp-json\/wp\/v2\/categories?post=493683"},{"taxonomy":"post_tag","embeddable":true,"href":"http:\/\/desarrollo.grupomedios.com\/futbol\/wp-json\/wp\/v2\/tags?post=493683"}],"curies":[{"name":"wp","href":"https:\/\/api.w.org\/{rel}","templated":true}]}}