{"id":493734,"date":"2017-08-13T18:00:02","date_gmt":"2017-08-13T23:00:02","guid":{"rendered":"https:\/\/www.futboltotal.com.mx\/?p=493734"},"modified":"2017-08-13T19:48:41","modified_gmt":"2017-08-14T00:48:41","slug":"cristiano-podria-tener-de-4-a-12-partidos-suspension","status":"publish","type":"post","link":"http:\/\/desarrollo.grupomedios.com\/futbol\/destacado-home\/cristiano-podria-tener-de-4-a-12-partidos-suspension\/2017\/08","title":{"rendered":"Cristiano podr\u00eda tener de 4 a 12 partidos de suspensi\u00f3n"},"content":{"rendered":"<p>En el encuentro en el que <a href=\"https:\/\/www.futboltotal.com.mx\/2017\/08\/cronica-resultado-barcelona-1-3-real-madrid-supercopa-espana\/\" target=\"_blank\" rel=\"noopener noreferrer\"><span style=\"color: #333399;\"><strong>Real Madrid<\/strong><\/span><\/a> venci\u00f3 a domicilio al <a href=\"https:\/\/www.futboltotal.com.mx\/2017\/08\/barcelona-y-real-madrid-mandones-de-la-supercopa-de-espana\/\" target=\"_blank\" rel=\"noopener noreferrer\"><span style=\"color: #333399;\"><strong>Barcelona<\/strong><\/span><\/a> por marcador de 3-1 en la ida de la <strong>Supercopa de Espa\u00f1a, Cristiano Ronaldo<\/strong> sali\u00f3 expulsado del encuentro por doble amonestaci\u00f3n, tras simular una falta en el \u00e1rea, hecho que le cost\u00f3 ver el segundo cart\u00f3n amarillo.<\/p>\n<p>Sin embargo, la suspensi\u00f3n del <a href=\"https:\/\/www.futboltotal.com.mx\/2017\/08\/cristiano-ronaldo-rey-manchester-madrid\/\" target=\"_blank\" rel=\"noopener noreferrer\"><span style=\"color: #333399;\"><strong>Ronaldo<\/strong><\/span><\/a> podr\u00eda ampliarse luego de que el lusitano empujara al central <strong>De Burgos Begoextxea<\/strong>, lo cual representa una sanci\u00f3n grave, seg\u00fan el c\u00f3digo disciplinario de la <strong>Federaci\u00f3n Espa\u00f1ola.<\/strong><\/p>\n<p style=\"text-align: center;\"><a href=\"https:\/\/www.futboltotal.com.mx\/2017\/08\/los-memes-la-derrota-del-barcelona\/\" target=\"_blank\" rel=\"noopener noreferrer\"><span style=\"color: #333399;\">VER M\u00c1S:\u00a0Los memes de la derrota del Barcelona<\/span><\/a><\/p>\n<p>El silbante reflej\u00f3 en el acta que <strong>Ronaldo<\/strong> vio la segunda amarilla por simular haber sido objeto de infracci\u00f3n. Y a\u00f1adi\u00f3 que una vez mostrada la tarjeta roja, dicho jugador lo empuj\u00f3 levemente en se\u00f1al de disconformidad.<\/p>\n<p>Seg\u00fan lo asentado por el central en la c\u00e9dula, el <strong>Comit\u00e9 de Competici\u00f3n<\/strong> podr\u00eda entender la falta de <strong>CR7<\/strong> como una falta grave que se ajusta dentro del marco de \u201cviolencia leve hac\u00eda los \u00e1rbitros\u201d y podr\u00eda ser sancionado con una suspensi\u00f3n de cuatro a doce partidos.<\/p>\n<p style=\"text-align: center;\"><a href=\"https:\/\/www.futboltotal.com.mx\/2017\/08\/cristiano-venga-al-real-madrid-con-festejo-a-lo-messi\/\" target=\"_blank\" rel=\"noopener noreferrer\"><span style=\"color: #333399;\">VER M\u00c1S:\u00a0Cristiano veng\u00f3 al Real Madrid con festejo a lo Messi<\/span><\/a><\/p>\n","protected":false},"excerpt":{"rendered":"<p>Real Madrid podr\u00eda perder a CR7 por un buen tiempo<\/p>\n","protected":false},"author":20,"featured_media":493735,"comment_status":"closed","ping_status":"closed","sticky":false,"template":"","format":"standard","meta":[],"categories":[5,3839,3844],"tags":[6013,5988,299],"_links":{"self":[{"href":"http:\/\/desarrollo.grupomedios.com\/futbol\/wp-json\/wp\/v2\/posts\/493734"}],"collection":[{"href":"http:\/\/desarrollo.grupomedios.com\/futbol\/wp-json\/wp\/v2\/posts"}],"about":[{"href":"http:\/\/desarrollo.grupomedios.com\/futbol\/wp-json\/wp\/v2\/types\/post"}],"author":[{"embeddable":true,"href":"http:\/\/desarrollo.grupomedios.com\/futbol\/wp-json\/wp\/v2\/users\/20"}],"replies":[{"embeddable":true,"href":"http:\/\/desarrollo.grupomedios.com\/futbol\/wp-json\/wp\/v2\/comments?post=493734"}],"version-history":[{"count":1,"href":"http:\/\/desarrollo.grupomedios.com\/futbol\/wp-json\/wp\/v2\/posts\/493734\/revisions"}],"predecessor-version":[{"id":493736,"href":"http:\/\/desarrollo.grupomedios.com\/futbol\/wp-json\/wp\/v2\/posts\/493734\/revisions\/493736"}],"wp:featuredmedia":[{"embeddable":true,"href":"http:\/\/desarrollo.grupomedios.com\/futbol\/wp-json\/wp\/v2\/media\/493735"}],"wp:attachment":[{"href":"http:\/\/desarrollo.grupomedios.com\/futbol\/wp-json\/wp\/v2\/media?parent=493734"}],"wp:term":[{"taxonomy":"category","embeddable":true,"href":"http:\/\/desarrollo.grupomedios.com\/futbol\/wp-json\/wp\/v2\/categories?post=493734"},{"taxonomy":"post_tag","embeddable":true,"href":"http:\/\/desarrollo.grupomedios.com\/futbol\/wp-json\/wp\/v2\/tags?post=493734"}],"curies":[{"name":"wp","href":"https:\/\/api.w.org\/{rel}","templated":true}]}}