{"id":493793,"date":"2017-08-14T09:29:52","date_gmt":"2017-08-14T14:29:52","guid":{"rendered":"https:\/\/www.futboltotal.com.mx\/?p=493793"},"modified":"2017-08-14T09:29:52","modified_gmt":"2017-08-14T14:29:52","slug":"javier-alarcon-gana-demanda-a-tv-notas","status":"publish","type":"post","link":"http:\/\/desarrollo.grupomedios.com\/futbol\/cambio-de-juego\/javier-alarcon-gana-demanda-a-tv-notas\/2017\/08","title":{"rendered":"Javier Alarc\u00f3n gana demanda a TV Notas"},"content":{"rendered":"<p>El ahora director de deportes del canal <em>Imagen Televisi\u00f3n<\/em>, <strong>Javier Alarc\u00f3n<\/strong>, gan\u00f3 una demanda a la revista <em>TV Notas<\/em> luego de que \u00e9sta &#8220;difamara su imagen&#8221; cuando sali\u00f3 de Televisa.<\/p>\n<p>Hace un par de a\u00f1os cuando <strong>Alarc\u00f3n<\/strong> sali\u00f3 de Televisa, <em>TV Notas<\/em> lanz\u00f3 una nota de portada en torno su vida privada, donde el comentarista asegur\u00f3 que tomar\u00eda cartas en el asunto.<\/p>\n<p>Fue apenas en enero de 2017 cuando \u00a0el Instituto Mexicano de Propiedad Industrial (IMPI) , inform\u00f3 a trav\u00e9s de un\u00a0comunicado que pese a que la autoridad le prohibi\u00f3 al semanario el uso de dicha imagen desde el 14 de junio de 2016, la empresa no cumpli\u00f3, por lo que procedieron a imponer la clausura temporal de cinco d\u00edas h\u00e1biles.<\/p>\n<p style=\"text-align: center;\"><span style=\"color: #3366ff;\"><a style=\"color: #3366ff;\" href=\"https:\/\/www.futboltotal.com.mx\/2017\/08\/cristiano-ronaldo-recibe-cinco-partidos-suspension\/\">VER M\u00c1S: Cristiano Ronaldo recibe cinco partidos de suspensi\u00f3n<\/a><\/span><\/p>\n<blockquote class=\"twitter-tweet\" data-width=\"500\">\n<p lang=\"es\" dir=\"ltr\">Las sanciones a <a href=\"https:\/\/twitter.com\/TVNotasmx\">@TVNotasmx<\/a> por <a href=\"https:\/\/twitter.com\/IMPI_Mexico\">@IMPI_Mexico<\/a> por la violaci\u00f3n a mi imagen confirma la <a href=\"https:\/\/twitter.com\/hashtag\/LibertadDeExpresi%C3%B3n?src=hash\">#LibertadDeExpresi\u00f3n<\/a> y sus l\u00edmites constitucionales.<\/p>\n<p>&mdash; Javier Alarc\u00f3n (@Javier_Alarcon_) <a href=\"https:\/\/twitter.com\/Javier_Alarcon_\/status\/822526533629788162\">January 20, 2017<\/a><\/p><\/blockquote>\n<p><script async src=\"\/\/platform.twitter.com\/widgets.js\" charset=\"utf-8\"><\/script><\/p>\n<p>Tras 15 meses de espera, <strong>Javier Alarc\u00f3n<\/strong> ha dado a conocer que ha ganado la demanda civil por da\u00f1o moral ante la editorial <em>NOTMUSA<\/em>, as\u00ed lo dio a conocer a trav\u00e9s de Twitter.<\/p>\n<p style=\"text-align: center;\"><span style=\"color: #3366ff;\"><a style=\"color: #3366ff;\" href=\"https:\/\/www.futboltotal.com.mx\/2017\/08\/barcelona-hace-oficial-fichaje-paulinho\/\">VER M\u00c1S: Barcelona hace oficial el fichaje del brasile\u00f1o Paulinho<\/a><\/span><\/p>\n<blockquote class=\"twitter-tweet\" data-width=\"500\">\n<p lang=\"es\" dir=\"ltr\">Les dejo este important\u00edsimo comunicado. \u00a1Gracias por el inter\u00e9s! La verdad tarda, pero siempre llega: <a href=\"https:\/\/t.co\/Q1mcQsjMpF\">pic.twitter.com\/Q1mcQsjMpF<\/a><\/p>\n<p>&mdash; Javier Alarc\u00f3n (@Javier_Alarcon_) <a href=\"https:\/\/twitter.com\/Javier_Alarcon_\/status\/896926761606201347\">August 14, 2017<\/a><\/p><\/blockquote>\n<p><script async src=\"\/\/platform.twitter.com\/widgets.js\" charset=\"utf-8\"><\/script><\/p>\n","protected":false},"excerpt":{"rendered":"<p>El periodista hab\u00eda demandado a la revista por difamasi\u00f3n<\/p>\n","protected":false},"author":20,"featured_media":477247,"comment_status":"closed","ping_status":"closed","sticky":false,"template":"","format":"standard","meta":[],"categories":[5419],"tags":[5460,6338],"_links":{"self":[{"href":"http:\/\/desarrollo.grupomedios.com\/futbol\/wp-json\/wp\/v2\/posts\/493793"}],"collection":[{"href":"http:\/\/desarrollo.grupomedios.com\/futbol\/wp-json\/wp\/v2\/posts"}],"about":[{"href":"http:\/\/desarrollo.grupomedios.com\/futbol\/wp-json\/wp\/v2\/types\/post"}],"author":[{"embeddable":true,"href":"http:\/\/desarrollo.grupomedios.com\/futbol\/wp-json\/wp\/v2\/users\/20"}],"replies":[{"embeddable":true,"href":"http:\/\/desarrollo.grupomedios.com\/futbol\/wp-json\/wp\/v2\/comments?post=493793"}],"version-history":[{"count":1,"href":"http:\/\/desarrollo.grupomedios.com\/futbol\/wp-json\/wp\/v2\/posts\/493793\/revisions"}],"predecessor-version":[{"id":493797,"href":"http:\/\/desarrollo.grupomedios.com\/futbol\/wp-json\/wp\/v2\/posts\/493793\/revisions\/493797"}],"wp:featuredmedia":[{"embeddable":true,"href":"http:\/\/desarrollo.grupomedios.com\/futbol\/wp-json\/wp\/v2\/media\/477247"}],"wp:attachment":[{"href":"http:\/\/desarrollo.grupomedios.com\/futbol\/wp-json\/wp\/v2\/media?parent=493793"}],"wp:term":[{"taxonomy":"category","embeddable":true,"href":"http:\/\/desarrollo.grupomedios.com\/futbol\/wp-json\/wp\/v2\/categories?post=493793"},{"taxonomy":"post_tag","embeddable":true,"href":"http:\/\/desarrollo.grupomedios.com\/futbol\/wp-json\/wp\/v2\/tags?post=493793"}],"curies":[{"name":"wp","href":"https:\/\/api.w.org\/{rel}","templated":true}]}}