{"id":493826,"date":"2017-08-14T13:09:43","date_gmt":"2017-08-14T18:09:43","guid":{"rendered":"https:\/\/www.futboltotal.com.mx\/?p=493826"},"modified":"2017-08-14T17:00:14","modified_gmt":"2017-08-14T22:00:14","slug":"a-15-anos-del-debut-cristiano-ronaldo","status":"publish","type":"post","link":"http:\/\/desarrollo.grupomedios.com\/futbol\/destacado-home\/a-15-anos-del-debut-cristiano-ronaldo\/2017\/08","title":{"rendered":"A 15 a\u00f1os del debut de Cristiano Ronaldo"},"content":{"rendered":"<p>Un d\u00eda como hoy, 14 de agosto pero de 2002, el portugu\u00e9s <strong>Cristiano Ronaldo<\/strong> debut\u00f3 como profesional en un partido de la Fase Previa de la Champions League entre el Sporting de Lisboa y el Inter de Mil\u00e1n.<\/p>\n<p>Desde entonces, <strong>Cristiano<\/strong> se ha dedicado a convertirse en uno de los mejores futbolistas de la actualidad y la historia, donde ha ganado todos los trofeos que ha jugado con el Manchester United, Real Madrid y la Selecci\u00f3n de Portugal, adem\u00e1s de sus cuatro balones de oro.<\/p>\n<p>Es por ello que en <strong>Futbol Total<\/strong> recordamos a quella vez del <strong>debut de Cristiano Ronaldo<\/strong>.<\/p>\n<p style=\"text-align: center;\"><span style=\"color: #3366ff;\"><a style=\"color: #3366ff;\" href=\"https:\/\/www.futboltotal.com.mx\/2017\/08\/paco-jemez-falso-ofendiera-a-la-aficion-cruz-azul\/\">VER M\u00c1S: Paco J\u00e9mez: \u201cFalso que ofendiera a la afici\u00f3n de Cruz Azul\u201d<\/a><\/span><\/p>\n<p>[video_player]https:\/\/player.vimeo.com\/external\/229595889.hd.mp4?s=3c74a124aba530f562893bcad5dcc493d0cda464&amp;profile_id=174[\/video_player]<\/p>\n","protected":false},"excerpt":{"rendered":"<p>El portugu\u00e9s se present\u00f3 en la Champions League.<\/p>\n","protected":false},"author":129,"featured_media":483944,"comment_status":"closed","ping_status":"closed","sticky":false,"template":"","format":"standard","meta":[],"categories":[5,3839],"tags":[6013,6214],"_links":{"self":[{"href":"http:\/\/desarrollo.grupomedios.com\/futbol\/wp-json\/wp\/v2\/posts\/493826"}],"collection":[{"href":"http:\/\/desarrollo.grupomedios.com\/futbol\/wp-json\/wp\/v2\/posts"}],"about":[{"href":"http:\/\/desarrollo.grupomedios.com\/futbol\/wp-json\/wp\/v2\/types\/post"}],"author":[{"embeddable":true,"href":"http:\/\/desarrollo.grupomedios.com\/futbol\/wp-json\/wp\/v2\/users\/129"}],"replies":[{"embeddable":true,"href":"http:\/\/desarrollo.grupomedios.com\/futbol\/wp-json\/wp\/v2\/comments?post=493826"}],"version-history":[{"count":1,"href":"http:\/\/desarrollo.grupomedios.com\/futbol\/wp-json\/wp\/v2\/posts\/493826\/revisions"}],"predecessor-version":[{"id":493829,"href":"http:\/\/desarrollo.grupomedios.com\/futbol\/wp-json\/wp\/v2\/posts\/493826\/revisions\/493829"}],"wp:featuredmedia":[{"embeddable":true,"href":"http:\/\/desarrollo.grupomedios.com\/futbol\/wp-json\/wp\/v2\/media\/483944"}],"wp:attachment":[{"href":"http:\/\/desarrollo.grupomedios.com\/futbol\/wp-json\/wp\/v2\/media?parent=493826"}],"wp:term":[{"taxonomy":"category","embeddable":true,"href":"http:\/\/desarrollo.grupomedios.com\/futbol\/wp-json\/wp\/v2\/categories?post=493826"},{"taxonomy":"post_tag","embeddable":true,"href":"http:\/\/desarrollo.grupomedios.com\/futbol\/wp-json\/wp\/v2\/tags?post=493826"}],"curies":[{"name":"wp","href":"https:\/\/api.w.org\/{rel}","templated":true}]}}