{"id":493832,"date":"2017-08-14T13:45:19","date_gmt":"2017-08-14T18:45:19","guid":{"rendered":"https:\/\/www.futboltotal.com.mx\/?p=493832"},"modified":"2017-08-14T13:45:19","modified_gmt":"2017-08-14T18:45:19","slug":"jorge-luis-pinto-tecnico-honduras-defendio-agresion-hija","status":"publish","type":"post","link":"http:\/\/desarrollo.grupomedios.com\/futbol\/futbol-internacional\/jorge-luis-pinto-tecnico-honduras-defendio-agresion-hija\/2017\/08","title":{"rendered":"Jorge Luis Pinto, DT de Honduras, defendi\u00f3 agresi\u00f3n a su hija"},"content":{"rendered":"<p>El colombiano <strong>Jorge Luis Pinto<\/strong>, actual t\u00e9cnico de la selecci\u00f3n de <strong>Honduras<\/strong>, ha salido a declarar acerca de <a href=\"https:\/\/www.futboltotal.com.mx\/2017\/08\/dt-honduras-captado-golpeando-a-hija\/\" target=\"_blank\" rel=\"noopener noreferrer\"><span style=\"color: #333399;\">los golpes que le dio a su hija durante una pelea familiar<\/span><\/a> que fue difundida en video en redes sociales, justificando sus acciones como la reacci\u00f3n natural &#8220;de un padre&#8221;.<\/p>\n<p>&#8220;Fue la actitud de un padre desesperado que, en circunstancias extraordinarias, busc\u00f3 hacer entrar en raz\u00f3n a su hija, que viv\u00eda un momento de crisis emocional&#8221;, menciona el comunicado.<\/p>\n<p>El sudamericano resalt\u00f3\u00a0&#8220;los momentos de depresi\u00f3n&#8221; de su hija <strong>Ver\u00f3nica<\/strong>, esposa del congresista <strong>Andr\u00e9s Felipe Villamizar<\/strong>, que &#8220;tienen origen en los conflictos conyugales&#8221;, y a\u00f1adi\u00f3 que el video\u00a0&#8220;se ha querido utilizar como una distracci\u00f3n de la verdadera problem\u00e1tica&#8221;.<\/p>\n<p><iframe loading=\"lazy\" src=\"https:\/\/www.youtube.com\/embed\/n2GxNdxQ71U\" frameborder=\"0\" allowfullscreen=\"allowfullscreen\"><\/iframe><\/p>\n<p>&#8220;Como padre y abuelo, siento profundamente que se haya hecho p\u00fablico, de manera aislada, un momento de la vida dom\u00e9stica que hace parte de la privacidad de un hogar&#8221;, agrega Pinto.<\/p>\n<p>Asimismo, Pinto desea que las\u00a0autoridades &#8220;impartan justicia y castiguen cualquier agresi\u00f3n f\u00edsica o ps\u00edquica que eventualmente se haya cometido&#8221;.<\/p>\n<p>El t\u00e9cnico de la selecci\u00f3n de <strong>Honduras<\/strong> es conocido por su car\u00e1cter explosivo que en el pasado ya lo ha llevado a protagonizar momentos desafortunados, como la <a href=\"https:\/\/www.futboltotal.com.mx\/2017\/01\/los-tecnicos-honduras-panama-acabaron-casi-a-los-golpes\/\" target=\"_blank\" rel=\"noopener noreferrer\"><span style=\"color: #333399;\">discusi\u00f3n que tuvo con su paisano <strong>Hern\u00e1n Dar\u00edo G\u00f3mez<\/strong><\/span><\/a> y que casi acaba en una pelea a golpes.<\/p>\n","protected":false},"excerpt":{"rendered":"<p>El t\u00e9cnico de Honduras habl\u00f3 del tema por medio de un comunicado.<\/p>\n","protected":false},"author":20,"featured_media":493835,"comment_status":"closed","ping_status":"closed","sticky":false,"template":"","format":"standard","meta":[],"categories":[3839],"tags":[9735,800,786,9734],"_links":{"self":[{"href":"http:\/\/desarrollo.grupomedios.com\/futbol\/wp-json\/wp\/v2\/posts\/493832"}],"collection":[{"href":"http:\/\/desarrollo.grupomedios.com\/futbol\/wp-json\/wp\/v2\/posts"}],"about":[{"href":"http:\/\/desarrollo.grupomedios.com\/futbol\/wp-json\/wp\/v2\/types\/post"}],"author":[{"embeddable":true,"href":"http:\/\/desarrollo.grupomedios.com\/futbol\/wp-json\/wp\/v2\/users\/20"}],"replies":[{"embeddable":true,"href":"http:\/\/desarrollo.grupomedios.com\/futbol\/wp-json\/wp\/v2\/comments?post=493832"}],"version-history":[{"count":2,"href":"http:\/\/desarrollo.grupomedios.com\/futbol\/wp-json\/wp\/v2\/posts\/493832\/revisions"}],"predecessor-version":[{"id":493838,"href":"http:\/\/desarrollo.grupomedios.com\/futbol\/wp-json\/wp\/v2\/posts\/493832\/revisions\/493838"}],"wp:featuredmedia":[{"embeddable":true,"href":"http:\/\/desarrollo.grupomedios.com\/futbol\/wp-json\/wp\/v2\/media\/493835"}],"wp:attachment":[{"href":"http:\/\/desarrollo.grupomedios.com\/futbol\/wp-json\/wp\/v2\/media?parent=493832"}],"wp:term":[{"taxonomy":"category","embeddable":true,"href":"http:\/\/desarrollo.grupomedios.com\/futbol\/wp-json\/wp\/v2\/categories?post=493832"},{"taxonomy":"post_tag","embeddable":true,"href":"http:\/\/desarrollo.grupomedios.com\/futbol\/wp-json\/wp\/v2\/tags?post=493832"}],"curies":[{"name":"wp","href":"https:\/\/api.w.org\/{rel}","templated":true}]}}