{"id":493859,"date":"2017-08-14T14:16:26","date_gmt":"2017-08-14T19:16:26","guid":{"rendered":"https:\/\/www.futboltotal.com.mx\/?p=493859"},"modified":"2017-08-14T14:16:26","modified_gmt":"2017-08-14T19:16:26","slug":"lozano-pudo-volverse-inmortal-philipp-cocu","status":"publish","type":"post","link":"http:\/\/desarrollo.grupomedios.com\/futbol\/futbol-internacional\/lozano-pudo-volverse-inmortal-philipp-cocu\/2017\/08","title":{"rendered":"&#8220;Lozano pudo volverse inmortal&#8221;: Philipp Cocu"},"content":{"rendered":"<p>La actuaci\u00f3n de <a href=\"https:\/\/www.futboltotal.com.mx\/2017\/08\/psv-gana-gol-chucky-lozano-az-alkmaar\/\" target=\"_blank\" rel=\"noopener noreferrer\"><span style=\"color: #333399;\"><strong>Hirving Lozano<\/strong><\/span><\/a> en su primer encuentro de la <strong>Eredivise <\/strong>con el<a href=\"https:\/\/www.futboltotal.com.mx\/2017\/08\/chucky-lozano-anota-gol-psv-en-debut-la-eredivisie\/\" target=\"_blank\" rel=\"noopener noreferrer\"><span style=\"color: #333399;\"><strong> PSV Eindhoven<\/strong><\/span><\/a> caus\u00f3 sensaci\u00f3n en los aficionados del club y en el t\u00e9cnico <a href=\"https:\/\/www.futboltotal.com.mx\/2017\/07\/cocu-manda-emotivo-mensaje-despedida-andres-guardado\/\" target=\"_blank\" rel=\"noopener noreferrer\"><span style=\"color: #333399;\"><strong>Philipp Cocu<\/strong><\/span><\/a>, quien vio con buenos ojos la actuaci\u00f3n del mexicano.<\/p>\n<p style=\"text-align: center;\"><a href=\"https:\/\/www.futboltotal.com.mx\/2017\/08\/11-infame-la-jornada-4-del-apertura-2017\/\"><span style=\"color: #333399;\">VER M\u00c1S:\u00a0El 11 infame de la jornada 4 del Apertura 2017<\/span><\/a><\/p>\n<p>De acuerdo con el t\u00e9cnico holand\u00e9s, &#8216;Chucky&#8217; pudo convertirse en inmortal en el <strong>Philips Stadion<\/strong>, ya que pudo haber marcado hasta cuatro tantos ante el <strong>Az Alkmaar.<\/strong><\/p>\n<blockquote><p>&#8220;\u00c9l se est\u00e1 adaptando r\u00e1pidamente y hoy pudo volverse inmortal en Eindhoven. No result\u00f3 del todo exitoso, pero estoy satisfecho con la manera en que se mostr\u00f3 a s\u00ed mismo, con mucha profundidad y amenazante&#8221;.<\/p><\/blockquote>\n<p style=\"text-align: center;\"><a href=\"https:\/\/www.futboltotal.com.mx\/2017\/08\/los-memes-se-burlan-del-fichaje-paulinho-barcelona\/\" target=\"_blank\" rel=\"noopener noreferrer\"><span style=\"color: #333399;\">VER M\u00c1S:\u00a0Los memes se burlan del fichaje de Paulinho con Barcelona<\/span><\/a><\/p>\n<p>As\u00ed mismo, <strong>Cocu<\/strong> revel\u00f3 que el exjugador de <a href=\"https:\/\/www.futboltotal.com.mx\/2017\/08\/resultado-cronica-pachuca-2-1-tigres-liga-mx\/\" target=\"_blank\" rel=\"noopener noreferrer\"><span style=\"color: #333399;\"><strong>Pachuca<\/strong><\/span><\/a> aprovecha sus ratos libres para tomar clases de ingl\u00e9s y mejorar su adaptaci\u00f3n al futbol europeo.<\/p>\n<blockquote><p>&#8220;Las oportunidades las aprovechar\u00e1 la pr\u00f3xima vez. Es un jugador que por lo que genera tiene alta eficiencia&#8221;.<\/p><\/blockquote>\n<p style=\"text-align: center;\"><a href=\"https:\/\/www.futboltotal.com.mx\/2017\/08\/dejar-al-barcelona-no-es-morir-neymar\/\" target=\"_blank\" rel=\"noopener noreferrer\"><span style=\"color: #333399;\">VER M\u00c1S:\u00a0\u201cDejar al Barcelona no es morir\u201d: Neymar<\/span><\/a><\/p>\n","protected":false},"excerpt":{"rendered":"<p>Philipp Cocu destac\u00f3 la actuaci\u00f3n del mexicano<\/p>\n","protected":false},"author":20,"featured_media":493505,"comment_status":"closed","ping_status":"closed","sticky":false,"template":"","format":"standard","meta":[],"categories":[3839,6718],"tags":[6720,4420,5196,9736,2044],"_links":{"self":[{"href":"http:\/\/desarrollo.grupomedios.com\/futbol\/wp-json\/wp\/v2\/posts\/493859"}],"collection":[{"href":"http:\/\/desarrollo.grupomedios.com\/futbol\/wp-json\/wp\/v2\/posts"}],"about":[{"href":"http:\/\/desarrollo.grupomedios.com\/futbol\/wp-json\/wp\/v2\/types\/post"}],"author":[{"embeddable":true,"href":"http:\/\/desarrollo.grupomedios.com\/futbol\/wp-json\/wp\/v2\/users\/20"}],"replies":[{"embeddable":true,"href":"http:\/\/desarrollo.grupomedios.com\/futbol\/wp-json\/wp\/v2\/comments?post=493859"}],"version-history":[{"count":1,"href":"http:\/\/desarrollo.grupomedios.com\/futbol\/wp-json\/wp\/v2\/posts\/493859\/revisions"}],"predecessor-version":[{"id":493867,"href":"http:\/\/desarrollo.grupomedios.com\/futbol\/wp-json\/wp\/v2\/posts\/493859\/revisions\/493867"}],"wp:featuredmedia":[{"embeddable":true,"href":"http:\/\/desarrollo.grupomedios.com\/futbol\/wp-json\/wp\/v2\/media\/493505"}],"wp:attachment":[{"href":"http:\/\/desarrollo.grupomedios.com\/futbol\/wp-json\/wp\/v2\/media?parent=493859"}],"wp:term":[{"taxonomy":"category","embeddable":true,"href":"http:\/\/desarrollo.grupomedios.com\/futbol\/wp-json\/wp\/v2\/categories?post=493859"},{"taxonomy":"post_tag","embeddable":true,"href":"http:\/\/desarrollo.grupomedios.com\/futbol\/wp-json\/wp\/v2\/tags?post=493859"}],"curies":[{"name":"wp","href":"https:\/\/api.w.org\/{rel}","templated":true}]}}