{"id":493876,"date":"2017-08-14T14:49:19","date_gmt":"2017-08-14T19:49:19","guid":{"rendered":"https:\/\/www.futboltotal.com.mx\/?p=493876"},"modified":"2017-08-14T14:49:19","modified_gmt":"2017-08-14T19:49:19","slug":"atlas-pierde-a-clifford-aboagye-por-cuatro-meses","status":"publish","type":"post","link":"http:\/\/desarrollo.grupomedios.com\/futbol\/futbol-mexicano\/atlas-pierde-a-clifford-aboagye-por-cuatro-meses\/2017\/08","title":{"rendered":"Atlas pierde a Clifford Aboagye por cuatro meses"},"content":{"rendered":"<p>Luego de que <a href=\"https:\/\/www.futboltotal.com.mx\/2017\/08\/atlas-pierde-a-clifford-aboagye-tiempo-indefinido\/\" target=\"_blank\" rel=\"noopener noreferrer\"><span style=\"color: #333399;\"><strong>Clifford Aboagye<\/strong><\/span><\/a> saliera del terreno de juego en el encuentro ante <a href=\"https:\/\/www.futboltotal.com.mx\/2017\/08\/resultado-cronica-atlas-0-1-america-apertura-2017\/\" target=\"_blank\" rel=\"noopener noreferrer\"><span style=\"color: #333399;\"><strong>Am\u00e9rica<\/strong><\/span><\/a> a consecuencia de una lesi\u00f3n.<\/p>\n<p><a href=\"https:\/\/www.futboltotal.com.mx\/2017\/08\/atlas-analiza-traer-sustituto-para-marquez\/\" target=\"_blank\" rel=\"noopener noreferrer\"><span style=\"color: #333399;\"><strong>Atlas<\/strong><\/span><\/a> inform\u00f3 que el jugador sufri\u00f3 un esguince en la rodilla derecha, con lesi\u00f3n de menisco medial, por lo que el jugador ghan\u00e9s fue intervenido satisfactoriamente y estar\u00e1 fuera de las canchas por cuatro meses.<\/p>\n<p style=\"text-align: center;\"><a href=\"https:\/\/www.futboltotal.com.mx\/2017\/08\/manchester-united-manda-visores-porto-para-ver-a-tecatito\/\" target=\"_blank\" rel=\"noopener noreferrer\"><span style=\"color: #333399;\">VER M\u00c1S:\u00a0Man United manda visores a Porto para ver a \u2018Tecatito\u2019<\/span><\/a><\/p>\n<p>Cabe recordar que <strong>Clifford<\/strong> es propiedad del <a href=\"https:\/\/www.futboltotal.com.mx\/2017\/05\/pese-al-descenso-granada-compensa-a-guillermo-ochoa-premio\/\" target=\"_blank\" rel=\"noopener noreferrer\"><span style=\"color: #333399;\"><strong>Granada CF<\/strong> <\/span><\/a>y lleg\u00f3 cedido a los rojinegros del <strong>Atlas<\/strong> para el presente torneo.<\/p>\n<p>&nbsp;<\/p>\n<blockquote class=\"twitter-tweet\" data-lang=\"es\">\n<p dir=\"ltr\" lang=\"pt\">Reporte m\u00e9dico: Clifford Aboagye <a href=\"https:\/\/t.co\/ao52hTbIuD\">https:\/\/t.co\/ao52hTbIuD<\/a> <a href=\"https:\/\/t.co\/qg2QNOILwy\">pic.twitter.com\/qg2QNOILwy<\/a><\/p>\n<p>\u2014 Atlas FC (@atlasfc) <a href=\"https:\/\/twitter.com\/atlasfc\/status\/897171983674331139\">14 de agosto de 2017<\/a><\/p><\/blockquote>\n<p><script async src=\"\/\/platform.twitter.com\/widgets.js\" charset=\"utf-8\"><\/script><\/p>\n","protected":false},"excerpt":{"rendered":"<p>Malas noticias para el Atlas, Aboagye estar\u00e1 fuera por un buen tiempo<\/p>\n","protected":false},"author":20,"featured_media":493881,"comment_status":"closed","ping_status":"closed","sticky":false,"template":"","format":"standard","meta":[],"categories":[2198,3845],"tags":[5961,7927],"_links":{"self":[{"href":"http:\/\/desarrollo.grupomedios.com\/futbol\/wp-json\/wp\/v2\/posts\/493876"}],"collection":[{"href":"http:\/\/desarrollo.grupomedios.com\/futbol\/wp-json\/wp\/v2\/posts"}],"about":[{"href":"http:\/\/desarrollo.grupomedios.com\/futbol\/wp-json\/wp\/v2\/types\/post"}],"author":[{"embeddable":true,"href":"http:\/\/desarrollo.grupomedios.com\/futbol\/wp-json\/wp\/v2\/users\/20"}],"replies":[{"embeddable":true,"href":"http:\/\/desarrollo.grupomedios.com\/futbol\/wp-json\/wp\/v2\/comments?post=493876"}],"version-history":[{"count":1,"href":"http:\/\/desarrollo.grupomedios.com\/futbol\/wp-json\/wp\/v2\/posts\/493876\/revisions"}],"predecessor-version":[{"id":493882,"href":"http:\/\/desarrollo.grupomedios.com\/futbol\/wp-json\/wp\/v2\/posts\/493876\/revisions\/493882"}],"wp:featuredmedia":[{"embeddable":true,"href":"http:\/\/desarrollo.grupomedios.com\/futbol\/wp-json\/wp\/v2\/media\/493881"}],"wp:attachment":[{"href":"http:\/\/desarrollo.grupomedios.com\/futbol\/wp-json\/wp\/v2\/media?parent=493876"}],"wp:term":[{"taxonomy":"category","embeddable":true,"href":"http:\/\/desarrollo.grupomedios.com\/futbol\/wp-json\/wp\/v2\/categories?post=493876"},{"taxonomy":"post_tag","embeddable":true,"href":"http:\/\/desarrollo.grupomedios.com\/futbol\/wp-json\/wp\/v2\/tags?post=493876"}],"curies":[{"name":"wp","href":"https:\/\/api.w.org\/{rel}","templated":true}]}}