{"id":493901,"date":"2017-08-14T16:28:54","date_gmt":"2017-08-14T21:28:54","guid":{"rendered":"https:\/\/www.futboltotal.com.mx\/?p=493901"},"modified":"2017-08-14T16:29:37","modified_gmt":"2017-08-14T21:29:37","slug":"gea-presume-playera-chicharito-west-ham","status":"publish","type":"post","link":"http:\/\/desarrollo.grupomedios.com\/futbol\/futbol-internacional\/gea-presume-playera-chicharito-west-ham\/2017\/08","title":{"rendered":"David De Gea presumi\u00f3 regalo de Chicharito"},"content":{"rendered":"<p>El pasado s\u00e1bado, <strong>Chicharito<\/strong> hizo <span style=\"color: #3366ff;\"><a style=\"color: #3366ff;\" href=\"https:\/\/www.futboltotal.com.mx\/2017\/08\/resultados-manchester-united-4-0-west-ham-premier-league\/\" target=\"_blank\" rel=\"noopener noreferrer\">su debut oficial con el West Ham y regres\u00f3 a Old Trafford <\/a><\/span>para enfrentar al Manchester United, donde estuvo seis a\u00f1os y dej\u00f3 grandes amigos en el club.<\/p>\n<p>Uno de ellos es el espa\u00f1ol <strong>David De Gea<\/strong>, quien siempre ha mostrado su amistad con <strong>Chicharito<\/strong> desde el momento en que lleg\u00f3 a la ciudad inglesa , donde ha asegurado que el mexicano es de sus mejores amigos.<\/p>\n<p style=\"text-align: center;\"><span style=\"color: #3366ff;\"><a style=\"color: #3366ff;\" href=\"https:\/\/www.futboltotal.com.mx\/2017\/08\/partido-lobos-buap-america-en-riesgo-transmitido\/\">VER M\u00c1S: Partido Lobos BUAP-Am\u00e9rica, en riesgo de no ser transmitido<\/a><\/span><\/p>\n<blockquote class=\"instagram-media\" style=\"background: #FFF; border: 0; border-radius: 3px; box-shadow: 0 0 1px 0 rgba(0,0,0,0.5),0 1px 10px 0 rgba(0,0,0,0.15); margin: 1px; max-width: 658px; padding: 0; width: calc(100% - 2px);\" data-instgrm-captioned=\"\" data-instgrm-version=\"7\">\n<div style=\"padding: 8px;\">\n<div style=\"background: #F8F8F8; line-height: 0; margin-top: 40px; padding: 50% 0; text-align: center; width: 100%;\"><\/div>\n<p style=\"margin: 8px 0 0 0; padding: 0 4px;\"><a style=\"color: #000; font-family: Arial,sans-serif; font-size: 14px; font-style: normal; font-weight: normal; line-height: 17px; text-decoration: none; word-wrap: break-word;\" href=\"https:\/\/www.instagram.com\/p\/sc1EnePU8I\/\" target=\"_blank\" rel=\"noopener noreferrer\">A brother, a friend&#8230; @ch14_instagram I&#8217;m gonna miss you! Thanks for help me since my first day! Un hermano, un amigo&#8230; Chicharito Hern\u00e1ndez! Te voy a echar de menos!! Gracias por ayudarme desde el primer d\u00eda!!<\/a><\/p>\n<p style=\"color: #c9c8cd; font-family: Arial,sans-serif; font-size: 14px; line-height: 17px; margin-bottom: 0; margin-top: 8px; overflow: hidden; padding: 8px 0 7px; text-align: center; text-overflow: ellipsis; white-space: nowrap;\">A post shared by David De Gea (@d_degeaofficial) on <time style=\"font-family: Arial,sans-serif; font-size: 14px; line-height: 17px;\" datetime=\"2014-09-02T16:50:51+00:00\">Sep 2, 2014 at 9:50am PDT<\/time><\/p>\n<\/div>\n<\/blockquote>\n<p><script async defer src=\"\/\/platform.instagram.com\/en_US\/embeds.js\"><\/script><\/p>\n<blockquote class=\"instagram-media\" style=\"background: #FFF; border: 0; border-radius: 3px; box-shadow: 0 0 1px 0 rgba(0,0,0,0.5),0 1px 10px 0 rgba(0,0,0,0.15); margin: 1px; max-width: 658px; padding: 0; width: calc(100% - 2px);\" data-instgrm-captioned=\"\" data-instgrm-version=\"7\">\n<div style=\"padding: 8px;\">\n<div style=\"background: #F8F8F8; line-height: 0; margin-top: 40px; padding: 39.672977624784856% 0; text-align: center; width: 100%;\"><\/div>\n<p style=\"margin: 8px 0 0 0; padding: 0 4px;\"><a style=\"color: #000; font-family: Arial,sans-serif; font-size: 14px; font-style: normal; font-weight: normal; line-height: 17px; text-decoration: none; word-wrap: break-word;\" href=\"https:\/\/www.instagram.com\/p\/BGG29PhvU2n\/\" target=\"_blank\" rel=\"noopener noreferrer\">Siguen pasando los a\u00f1os hermano! Much\u00edsimas felicidades y que celebres muchos goles con @miseleccionmx en #Copa100. Years keep passing by brother! Happy birthday and I hope you celebrate many goals with #Mexico in @copaamericacentenario<\/a><\/p>\n<p style=\"color: #c9c8cd; font-family: Arial,sans-serif; font-size: 14px; line-height: 17px; margin-bottom: 0; margin-top: 8px; overflow: hidden; padding: 8px 0 7px; text-align: center; text-overflow: ellipsis; white-space: nowrap;\">A post shared by David De Gea (@d_degeaofficial) on <time style=\"font-family: Arial,sans-serif; font-size: 14px; line-height: 17px;\" datetime=\"2016-06-01T09:40:16+00:00\">Jun 1, 2016 at 2:40am PDT<\/time><\/p>\n<\/div>\n<\/blockquote>\n<p><script async defer src=\"\/\/platform.instagram.com\/en_US\/embeds.js\"><\/script><\/p>\n<p>En el regreso de Javier Hern\u00e1ndez a su antigua casa, De Gea no desaprovech\u00f3 la oportunidad de saludarse con su entra\u00f1able amigo e incluso se dio el lujo de intercambiar la playera con el ahora atacante del West Ham.<\/p>\n<p><a href=\"https:\/\/www.futboltotal.com.mx\/wp-content\/uploads\/2017\/08\/DHNLP6CVwAE48ff.jpg\"><img decoding=\"async\" loading=\"lazy\" class=\"size-full wp-image-493903 aligncenter\" src=\"https:\/\/www.futboltotal.com.mx\/wp-content\/uploads\/2017\/08\/DHNLP6CVwAE48ff.jpg\" alt=\"David De Gea presumi\u00f3 regalo de Chicharito 0\" srcset=\"http:\/\/desarrollo.grupomedios.com\/futbol\/wp-content\/uploads\/2017\/08\/DHNLP6CVwAE48ff.jpg 727w, http:\/\/desarrollo.grupomedios.com\/futbol\/wp-content\/uploads\/2017\/08\/DHNLP6CVwAE48ff-182x300.jpg 182w, http:\/\/desarrollo.grupomedios.com\/futbol\/wp-content\/uploads\/2017\/08\/DHNLP6CVwAE48ff-620x1024.jpg 620w\" sizes=\"(max-width: 727px) 100vw, 727px\" \/><\/a><\/p>\n","protected":false},"excerpt":{"rendered":"<p>El espa\u00f1ol presumi\u00f3 lo que le dio el mexicano.<\/p>\n","protected":false},"author":20,"featured_media":493905,"comment_status":"closed","ping_status":"closed","sticky":false,"template":"","format":"standard","meta":[],"categories":[3839],"tags":[120,6072,43,1743],"_links":{"self":[{"href":"http:\/\/desarrollo.grupomedios.com\/futbol\/wp-json\/wp\/v2\/posts\/493901"}],"collection":[{"href":"http:\/\/desarrollo.grupomedios.com\/futbol\/wp-json\/wp\/v2\/posts"}],"about":[{"href":"http:\/\/desarrollo.grupomedios.com\/futbol\/wp-json\/wp\/v2\/types\/post"}],"author":[{"embeddable":true,"href":"http:\/\/desarrollo.grupomedios.com\/futbol\/wp-json\/wp\/v2\/users\/20"}],"replies":[{"embeddable":true,"href":"http:\/\/desarrollo.grupomedios.com\/futbol\/wp-json\/wp\/v2\/comments?post=493901"}],"version-history":[{"count":2,"href":"http:\/\/desarrollo.grupomedios.com\/futbol\/wp-json\/wp\/v2\/posts\/493901\/revisions"}],"predecessor-version":[{"id":493907,"href":"http:\/\/desarrollo.grupomedios.com\/futbol\/wp-json\/wp\/v2\/posts\/493901\/revisions\/493907"}],"wp:featuredmedia":[{"embeddable":true,"href":"http:\/\/desarrollo.grupomedios.com\/futbol\/wp-json\/wp\/v2\/media\/493905"}],"wp:attachment":[{"href":"http:\/\/desarrollo.grupomedios.com\/futbol\/wp-json\/wp\/v2\/media?parent=493901"}],"wp:term":[{"taxonomy":"category","embeddable":true,"href":"http:\/\/desarrollo.grupomedios.com\/futbol\/wp-json\/wp\/v2\/categories?post=493901"},{"taxonomy":"post_tag","embeddable":true,"href":"http:\/\/desarrollo.grupomedios.com\/futbol\/wp-json\/wp\/v2\/tags?post=493901"}],"curies":[{"name":"wp","href":"https:\/\/api.w.org\/{rel}","templated":true}]}}