{"id":493912,"date":"2017-08-21T19:41:10","date_gmt":"2017-08-22T00:41:10","guid":{"rendered":"https:\/\/www.futboltotal.com.mx\/?p=493912"},"modified":"2017-08-21T19:42:42","modified_gmt":"2017-08-22T00:42:42","slug":"gignac-conocio-a-su-tocayo-en-el-zoologico","status":"publish","type":"post","link":"http:\/\/desarrollo.grupomedios.com\/futbol\/cambio-de-juego\/gignac-conocio-a-su-tocayo-en-el-zoologico\/2017\/08","title":{"rendered":"Gignac conoci\u00f3 a su tocayo en el zool\u00f3gico"},"content":{"rendered":"<p>Luego de que en d\u00edas pasados se dio a conocer que el\u00a0delantero franc\u00e9s de <strong>Tigres<\/strong>, <strong>Andr\u00e9-Pierre Gignac<\/strong>, ya pod\u00eda presumir de tener el mismo nombre que un fiero y a la vez tierno felino, luego de que un <strong>cachorro<\/strong> <strong>de<\/strong> <strong>tigre de bengala<\/strong> del zool\u00f3gico de La Pastora, en Monterrey, fuera bautizado con el apellido del goleador.<\/p>\n<p>Por medio de un concurso convocado por el zool\u00f3gico en redes sociales, se invit\u00f3 al p\u00fablico infantil para que propusieran nombres para el cachorro, al final siendo elegido el nombre de &#8216;<strong>Gignac<\/strong>&#8216;.<\/p>\n<p style=\"text-align: center;\"><a href=\"https:\/\/www.futboltotal.com.mx\/2017\/08\/gea-presume-playera-chicharito-west-ham\/\" target=\"_blank\" rel=\"noopener noreferrer\"><span style=\"color: #333399;\">VER M\u00c1S: David De Gea presumi\u00f3 regalo de Chicharito<\/span><\/a><\/p>\n<p>El felino, nacido apenas hace seis meses, recibi\u00f3 su nombre luego de que los participantes enviaran dibujos y cartas con sus propuestas, para que finalmente en Facebook la gente votara por las opciones.<\/p>\n<p><a href=\"https:\/\/www.futboltotal.com.mx\/wp-content\/uploads\/2017\/08\/Gignac-Tigre-Zoologico.jpg\"><img decoding=\"async\" loading=\"lazy\" class=\"aligncenter wp-image-493922 size-medium\" src=\"https:\/\/www.futboltotal.com.mx\/wp-content\/uploads\/2017\/08\/Gignac-Tigre-Zoologico-300x169.jpg\" alt=\"Gignac conoci\u00f3 a su tocayo en el zool\u00f3gico 0\" srcset=\"http:\/\/desarrollo.grupomedios.com\/futbol\/wp-content\/uploads\/2017\/08\/Gignac-Tigre-Zoologico-300x169.jpg 300w, http:\/\/desarrollo.grupomedios.com\/futbol\/wp-content\/uploads\/2017\/08\/Gignac-Tigre-Zoologico-768x432.jpg 768w, http:\/\/desarrollo.grupomedios.com\/futbol\/wp-content\/uploads\/2017\/08\/Gignac-Tigre-Zoologico-1024x576.jpg 1024w, http:\/\/desarrollo.grupomedios.com\/futbol\/wp-content\/uploads\/2017\/08\/Gignac-Tigre-Zoologico-317x178.jpg 317w, http:\/\/desarrollo.grupomedios.com\/futbol\/wp-content\/uploads\/2017\/08\/Gignac-Tigre-Zoologico-535x301.jpg 535w, http:\/\/desarrollo.grupomedios.com\/futbol\/wp-content\/uploads\/2017\/08\/Gignac-Tigre-Zoologico-374x210.jpg 374w, http:\/\/desarrollo.grupomedios.com\/futbol\/wp-content\/uploads\/2017\/08\/Gignac-Tigre-Zoologico.jpg 1136w\" sizes=\"(max-width: 300px) 100vw, 300px\" \/><\/a><\/p>\n<p>La ganadora,\u00a0Meisly Sandoval Prado, se impuso con su propuesta a otras alternativas como\u00a0Byakko y\u00a0Rajah.<\/p>\n<p>El delantero franc\u00e9s se dio a la tarea de conocer a su tocayo y as\u00ed lo dio a conocer a trav\u00e9s de su cuenta oficial de Twitter, en donde se ve a <strong>Gignac<\/strong> visitando la jaula del felino y agradeciendo al <strong>Parque La Pastora de Monterrey<\/strong> por la invitaci\u00f3n.<\/p>\n<p style=\"text-align: center;\"><a href=\"https:\/\/www.futboltotal.com.mx\/2017\/08\/en-chivas-no-existe-crisis-jair-pereira\/\" target=\"_blank\" rel=\"noopener noreferrer\"><span style=\"color: #333399;\">VER M\u00c1S:\u00a0\u201cEn Chivas no existe crisis\u201d: Jair Pereira<\/span><\/a><\/p>\n<blockquote class=\"twitter-video\" data-lang=\"es\">\n<p dir=\"ltr\" lang=\"es\">Ya conoc\u00ed a mi tocayo&#8221;GIGNAC&#8221;, gracias a los ni\u00f1os que votaron por mi nombre, gracias al parque la Pastora por la invitaci\u00f3n, Tarde m\u00e1gica <a href=\"https:\/\/t.co\/5iY7ks7lWR\">pic.twitter.com\/5iY7ks7lWR<\/a><\/p>\n<p>\u2014 Gignac Andre-pierre (@10APG) <a href=\"https:\/\/twitter.com\/10APG\/status\/899775150484107265\">21 de agosto de 2017<\/a><\/p><\/blockquote>\n<p><script async src=\"\/\/platform.twitter.com\/widgets.js\" charset=\"utf-8\"><\/script><\/p>\n","protected":false},"excerpt":{"rendered":"<p>El delantero franc\u00e9s ya conoci\u00f3 al tigre que lleva su nombre<\/p>\n","protected":false},"author":20,"featured_media":493921,"comment_status":"closed","ping_status":"closed","sticky":false,"template":"","format":"standard","meta":[],"categories":[5419],"tags":[5564,5430,165,5973],"_links":{"self":[{"href":"http:\/\/desarrollo.grupomedios.com\/futbol\/wp-json\/wp\/v2\/posts\/493912"}],"collection":[{"href":"http:\/\/desarrollo.grupomedios.com\/futbol\/wp-json\/wp\/v2\/posts"}],"about":[{"href":"http:\/\/desarrollo.grupomedios.com\/futbol\/wp-json\/wp\/v2\/types\/post"}],"author":[{"embeddable":true,"href":"http:\/\/desarrollo.grupomedios.com\/futbol\/wp-json\/wp\/v2\/users\/20"}],"replies":[{"embeddable":true,"href":"http:\/\/desarrollo.grupomedios.com\/futbol\/wp-json\/wp\/v2\/comments?post=493912"}],"version-history":[{"count":4,"href":"http:\/\/desarrollo.grupomedios.com\/futbol\/wp-json\/wp\/v2\/posts\/493912\/revisions"}],"predecessor-version":[{"id":495343,"href":"http:\/\/desarrollo.grupomedios.com\/futbol\/wp-json\/wp\/v2\/posts\/493912\/revisions\/495343"}],"wp:featuredmedia":[{"embeddable":true,"href":"http:\/\/desarrollo.grupomedios.com\/futbol\/wp-json\/wp\/v2\/media\/493921"}],"wp:attachment":[{"href":"http:\/\/desarrollo.grupomedios.com\/futbol\/wp-json\/wp\/v2\/media?parent=493912"}],"wp:term":[{"taxonomy":"category","embeddable":true,"href":"http:\/\/desarrollo.grupomedios.com\/futbol\/wp-json\/wp\/v2\/categories?post=493912"},{"taxonomy":"post_tag","embeddable":true,"href":"http:\/\/desarrollo.grupomedios.com\/futbol\/wp-json\/wp\/v2\/tags?post=493912"}],"curies":[{"name":"wp","href":"https:\/\/api.w.org\/{rel}","templated":true}]}}