{"id":493920,"date":"2017-08-14T17:34:17","date_gmt":"2017-08-14T22:34:17","guid":{"rendered":"https:\/\/www.futboltotal.com.mx\/?p=493920"},"modified":"2017-08-14T17:34:17","modified_gmt":"2017-08-14T22:34:17","slug":"america-podria-apelar-sancion-bruno-valdez","status":"publish","type":"post","link":"http:\/\/desarrollo.grupomedios.com\/futbol\/futbol-mexicano\/america-podria-apelar-sancion-bruno-valdez\/2017\/08","title":{"rendered":"Am\u00e9rica podr\u00eda apelar sanci\u00f3n de Bruno Valdez"},"content":{"rendered":"<p>La directiva del <a href=\"https:\/\/www.futboltotal.com.mx\/2017\/08\/resultado-cronica-atlas-0-1-america-apertura-2017\/\" target=\"_blank\" rel=\"noopener noreferrer\"><span style=\"color: #333399;\"><strong>Club Am\u00e9rica<\/strong><\/span><\/a> se encuentra analizando si apelar\u00e1 o no la suspensi\u00f3n que le impondr\u00e1 la <strong>Comisi\u00f3n Disciplinaria<\/strong> al defensor<a href=\"https:\/\/www.futboltotal.com.mx\/2016\/12\/bruno-valdez-libre-pecado-jugara-la-final-vuelta\/\" target=\"_blank\" rel=\"noopener noreferrer\"><span style=\"color: #333399;\"><strong> Bruno Valdez<\/strong><\/span><\/a>, quien sali\u00f3 expulsado en el juego ante <strong><a href=\"https:\/\/www.futboltotal.com.mx\/2017\/08\/atlas-pierde-a-clifford-aboagye-por-cuatro-meses\/\" target=\"_blank\" rel=\"noopener noreferrer\"><span style=\"color: #333399;\">Atlas<\/span><\/a>.<\/strong><\/p>\n<blockquote><p>&#8220;Lo estamos platicando con Santiago Ba\u00f1os y con Mauricio Culebro. Estamos analizando la jugada para ver si vale la pena porque no nos queremos gastar las cartas buenas para cuando sea necesario. Si se puede apelar, lo apelaremos, si vemos que quiz\u00e1 no proceda, son balas que podemos utilizar en alg\u00fan otro momento&#8221;.<\/p><\/blockquote>\n<p style=\"text-align: center;\"><a href=\"https:\/\/www.futboltotal.com.mx\/2017\/08\/herrera-asegura-que-jugadores-america-han-vuelto-nivel\/\" target=\"_blank\" rel=\"noopener noreferrer\"><span style=\"color: #333399;\">VER M\u00c1S:\u00a0Herrera asegura que los jugadores de Am\u00e9rica han vuelto a su nivel<\/span><\/a><\/p>\n<p>Sobre las indisciplinas que le han costado al<strong> Am\u00e9rica<\/strong> algunas suspensiones, en especifico las de <a href=\"https:\/\/www.futboltotal.com.mx\/2017\/08\/causa-y-efecto-de-guido-rodriguez\/\" target=\"_blank\" rel=\"noopener noreferrer\"><span style=\"color: #333399;\"><strong>Guido Rodr\u00edguez<\/strong><\/span><\/a>, el estratega de los emplumados asegur\u00f3 que ya platic\u00f3 con el mediocampista y por \u00faltimo, revel\u00f3 que la <strong>Federaci\u00f3n de Colombia<\/strong> ya env\u00edo una carta al club para <span style=\"color: #333399;\"><a style=\"color: #333399;\" href=\"https:\/\/www.futboltotal.com.mx\/2017\/08\/america-es-mas-grande-de-lo-que-esperaba-mateus-uribe\/\" target=\"_blank\" rel=\"noopener noreferrer\"><strong>Mateus Uribe<\/strong><\/a><\/span>\u00a0pueda disputar con la selecci\u00f3n cafetalera los duelos eliminatorios de septiembre.<\/p>\n<blockquote><p>&#8220;Mateus cada d\u00eda se ve mucho mejor, se siente mejor en esta altura de la Ciudad de M\u00e9xico. Sabemos que es un jugador muy importante y prueba de ello es que ya lleg\u00f3 el llamado a su selecci\u00f3n. Lleg\u00f3 ahorita el de Ibarra para Ecuador y el de Mateus, seguramente ir\u00e1n llegando y esperaremos la lista de la Selecci\u00f3n de M\u00e9xico para ver quienes son los llamados&#8221;.<\/p><\/blockquote>\n<p style=\"text-align: center;\"><a href=\"https:\/\/www.futboltotal.com.mx\/2017\/08\/comision-disciplinaria-investigara-a-paco-jemez\/\" target=\"_blank\" rel=\"noopener noreferrer\"><span style=\"color: #333399;\">VER M\u00c1S:\u00a0Comisi\u00f3n Disciplinaria investigar\u00e1 a Paco J\u00e9mez<\/span><\/a><\/p>\n","protected":false},"excerpt":{"rendered":"<p>Am\u00e9rica apelar\u00e1 la sanci\u00f3n de Valdez si lo cree necesario<\/p>\n","protected":false},"author":20,"featured_media":493925,"comment_status":"closed","ping_status":"closed","sticky":false,"template":"","format":"standard","meta":[],"categories":[2198,3845],"tags":[5959,7220,9184,7468],"_links":{"self":[{"href":"http:\/\/desarrollo.grupomedios.com\/futbol\/wp-json\/wp\/v2\/posts\/493920"}],"collection":[{"href":"http:\/\/desarrollo.grupomedios.com\/futbol\/wp-json\/wp\/v2\/posts"}],"about":[{"href":"http:\/\/desarrollo.grupomedios.com\/futbol\/wp-json\/wp\/v2\/types\/post"}],"author":[{"embeddable":true,"href":"http:\/\/desarrollo.grupomedios.com\/futbol\/wp-json\/wp\/v2\/users\/20"}],"replies":[{"embeddable":true,"href":"http:\/\/desarrollo.grupomedios.com\/futbol\/wp-json\/wp\/v2\/comments?post=493920"}],"version-history":[{"count":1,"href":"http:\/\/desarrollo.grupomedios.com\/futbol\/wp-json\/wp\/v2\/posts\/493920\/revisions"}],"predecessor-version":[{"id":493926,"href":"http:\/\/desarrollo.grupomedios.com\/futbol\/wp-json\/wp\/v2\/posts\/493920\/revisions\/493926"}],"wp:featuredmedia":[{"embeddable":true,"href":"http:\/\/desarrollo.grupomedios.com\/futbol\/wp-json\/wp\/v2\/media\/493925"}],"wp:attachment":[{"href":"http:\/\/desarrollo.grupomedios.com\/futbol\/wp-json\/wp\/v2\/media?parent=493920"}],"wp:term":[{"taxonomy":"category","embeddable":true,"href":"http:\/\/desarrollo.grupomedios.com\/futbol\/wp-json\/wp\/v2\/categories?post=493920"},{"taxonomy":"post_tag","embeddable":true,"href":"http:\/\/desarrollo.grupomedios.com\/futbol\/wp-json\/wp\/v2\/tags?post=493920"}],"curies":[{"name":"wp","href":"https:\/\/api.w.org\/{rel}","templated":true}]}}