{"id":493936,"date":"2017-08-14T18:26:07","date_gmt":"2017-08-14T23:26:07","guid":{"rendered":"https:\/\/www.futboltotal.com.mx\/?p=493936"},"modified":"2017-08-14T18:26:07","modified_gmt":"2017-08-14T23:26:07","slug":"reporte-disciplinario-j4-valdez-aquino-almeyda-a-la-congeladora","status":"publish","type":"post","link":"http:\/\/desarrollo.grupomedios.com\/futbol\/destacado-home\/reporte-disciplinario-j4-valdez-aquino-almeyda-a-la-congeladora\/2017\/08","title":{"rendered":"Reporte disciplinario J4: Valdez, Aquino y Almeyda a la congeladora"},"content":{"rendered":"<p>La <strong>Comisi\u00f3n Disciplinaria de la Federaci\u00f3n Mexicana de Futbol<\/strong> (FMF) dio a conocer el reporte de jugadores e integrantes del Cuerpo T\u00e9cnico suspendidos tras el t\u00e9rmino de la <strong>Jornada 4<\/strong> del <strong>Torneo Apertura 2017<\/strong> de la <strong>Liga MX.<\/strong><\/p>\n<p style=\"text-align: center;\"><a href=\"https:\/\/www.futboltotal.com.mx\/2017\/08\/tigre-zoologico-bautizado-gignac\/\" target=\"_blank\" rel=\"noopener noreferrer\"><span style=\"color: #333399;\">VER M\u00c1S:\u00a0Tigre de zool\u00f3gico es bautizado como \u2018Gignac\u2019<\/span><\/a><\/p>\n<p>La cuarta fecha del torneo dej\u00f3 tres sancionados, dos con un encuentro de suspensi\u00f3n y uno con un par. Los jugadores suspendidos un encuentro son <a href=\"https:\/\/www.futboltotal.com.mx\/2017\/08\/america-podria-apelar-sancion-bruno-valdez\/\" target=\"_blank\" rel=\"noopener noreferrer\"><span style=\"color: #333399;\"><strong>Bruno Valdez<\/strong><\/span><\/a> del <a href=\"https:\/\/www.futboltotal.com.mx\/2017\/08\/herrera-asegura-que-jugadores-america-han-vuelto-nivel\/\" target=\"_blank\" rel=\"noopener noreferrer\"><span style=\"color: #333399;\"><strong>Am\u00e9rica<\/strong><\/span><\/a> y <strong>Pedro Aquino<\/strong> de <a href=\"https:\/\/www.futboltotal.com.mx\/2017\/08\/liga-mx-queretaro-2-1-morelia-jornada-4-apertura-2017\/\" target=\"_blank\" rel=\"noopener noreferrer\"><span style=\"color: #333399;\"><strong>Quer\u00e9taro<\/strong><\/span><\/a>; el primero por malograr una oportunidad manifiesta de gol y el segundo por una segunda amonestaci\u00f3n en el mismo partido.<\/p>\n<p style=\"text-align: center;\"><a href=\"https:\/\/www.futboltotal.com.mx\/2017\/08\/america-podria-apelar-sancion-bruno-valdez\/\" target=\"_blank\" rel=\"noopener noreferrer\"><span style=\"color: #333399;\">VER M\u00c1S:\u00a0Am\u00e9rica podr\u00eda apelar sanci\u00f3n de Bruno Valdez<\/span><\/a><\/p>\n<p>Destaca la sanci\u00f3n de dos cotejos para <a href=\"https:\/\/www.futboltotal.com.mx\/2017\/08\/almeyda-viola-reglamento-termino-encuentro-chivas\/\" target=\"_blank\" rel=\"noopener noreferrer\"><span style=\"color: #333399;\"><strong>Mat\u00edas Almeyda<\/strong><\/span><\/a>, t\u00e9cnico de <a href=\"https:\/\/www.futboltotal.com.mx\/2017\/08\/chivas-suma-cuatro-meses-sin-saber-ganar\/\" target=\"_blank\" rel=\"noopener noreferrer\"><span style=\"color: #333399;\"><strong>Chivas<\/strong><\/span><\/a>; uno por constantes reclamaciones al Cuerpo Arbitral y otro haberse presentado a la conferencia de prensa tras haber sido expulsado del encuentro.<\/p>\n","protected":false},"excerpt":{"rendered":"<p>Mal y de malas para Chivas tras suspensi\u00f3n de Almeyda<\/p>\n","protected":false},"author":20,"featured_media":493937,"comment_status":"closed","ping_status":"closed","sticky":false,"template":"","format":"standard","meta":[],"categories":[5,2198,3845],"tags":[5959,7220,70,2578,64,1420,9742,5970,9743],"_links":{"self":[{"href":"http:\/\/desarrollo.grupomedios.com\/futbol\/wp-json\/wp\/v2\/posts\/493936"}],"collection":[{"href":"http:\/\/desarrollo.grupomedios.com\/futbol\/wp-json\/wp\/v2\/posts"}],"about":[{"href":"http:\/\/desarrollo.grupomedios.com\/futbol\/wp-json\/wp\/v2\/types\/post"}],"author":[{"embeddable":true,"href":"http:\/\/desarrollo.grupomedios.com\/futbol\/wp-json\/wp\/v2\/users\/20"}],"replies":[{"embeddable":true,"href":"http:\/\/desarrollo.grupomedios.com\/futbol\/wp-json\/wp\/v2\/comments?post=493936"}],"version-history":[{"count":1,"href":"http:\/\/desarrollo.grupomedios.com\/futbol\/wp-json\/wp\/v2\/posts\/493936\/revisions"}],"predecessor-version":[{"id":493938,"href":"http:\/\/desarrollo.grupomedios.com\/futbol\/wp-json\/wp\/v2\/posts\/493936\/revisions\/493938"}],"wp:featuredmedia":[{"embeddable":true,"href":"http:\/\/desarrollo.grupomedios.com\/futbol\/wp-json\/wp\/v2\/media\/493937"}],"wp:attachment":[{"href":"http:\/\/desarrollo.grupomedios.com\/futbol\/wp-json\/wp\/v2\/media?parent=493936"}],"wp:term":[{"taxonomy":"category","embeddable":true,"href":"http:\/\/desarrollo.grupomedios.com\/futbol\/wp-json\/wp\/v2\/categories?post=493936"},{"taxonomy":"post_tag","embeddable":true,"href":"http:\/\/desarrollo.grupomedios.com\/futbol\/wp-json\/wp\/v2\/tags?post=493936"}],"curies":[{"name":"wp","href":"https:\/\/api.w.org\/{rel}","templated":true}]}}