{"id":493940,"date":"2017-08-14T18:55:45","date_gmt":"2017-08-14T23:55:45","guid":{"rendered":"https:\/\/www.futboltotal.com.mx\/?p=493940"},"modified":"2017-08-14T18:55:45","modified_gmt":"2017-08-14T23:55:45","slug":"abogado-asegura-marquez-y-raul-flores-no-se-conocen","status":"publish","type":"post","link":"http:\/\/desarrollo.grupomedios.com\/futbol\/destacado-home\/abogado-asegura-marquez-y-raul-flores-no-se-conocen\/2017\/08","title":{"rendered":"Abogado asegura que M\u00e1rquez y Ra\u00fal Flores no se conocen"},"content":{"rendered":"<p>La defensa del jugador <a href=\"https:\/\/www.futboltotal.com.mx\/2017\/08\/acusan-a-rafael-marquez-de-vinculos-con-el-narcotrafico\/\" target=\"_blank\" rel=\"noopener noreferrer\"><span style=\"color: #333399;\"><strong>Rafael M\u00e1rquez<\/strong><\/span><\/a> est\u00e1 dispuesta a comprobar la inocencia del <em>K\u00e1iser<\/em>, quien fuera vinculado con la c\u00e9lula del narcotraficante <a href=\"https:\/\/www.futboltotal.com.mx\/2017\/08\/guerreros-autlan-equipo-raul-flores-hernandez\/\" target=\"_blank\" rel=\"noopener noreferrer\"><span style=\"color: #333399;\"><strong>Ra\u00fal Flores<\/strong><\/span><\/a>, por presunto lavado de dinero, por el <strong>Departamento del Tesoro de Estados Unidos<\/strong>.<\/p>\n<p style=\"text-align: center;\"><a href=\"https:\/\/www.futboltotal.com.mx\/2017\/08\/reporte-disciplinario-j4-valdez-aquino-almeyda-a-la-congeladora\/\" target=\"_blank\" rel=\"noopener noreferrer\"><span style=\"color: #333399;\">VER M\u00c1S:\u00a0Reporte disciplinario J4: Valdez, Aquino y Almeyda a la congeladora<\/span><\/a><\/p>\n<p>En entrevista con Televisa, <strong>Jos\u00e9 Luis Nassar<\/strong>, abogado defensor del jugador michoacano, declar\u00f3 que el a\u00fan jugador de los rojinegros del <a href=\"https:\/\/www.futboltotal.com.mx\/2017\/08\/atlas-pierde-a-clifford-aboagye-por-cuatro-meses\/\" target=\"_blank\" rel=\"noopener noreferrer\"><span style=\"color: #333399;\"><strong>Atlas<\/strong><\/span><\/a> no conoce al detenido <strong>Ra\u00fal Flores<\/strong>, al\u00edas el &#8216;T\u00edo&#8217;, quien habr\u00eda declarado ante la <strong>DEA<\/strong> que ten\u00eda una relaci\u00f3n con el zaguero.<\/p>\n<blockquote><p>&#8220;Ra\u00fal Flores y mi cliente, no se conocen, pero s\u00ed conoce al hijo del se\u00f1or Flores, pero como un habitante m\u00e1s de Guadalajara&#8221;<\/p><\/blockquote>\n<p style=\"text-align: center;\"><a href=\"https:\/\/www.futboltotal.com.mx\/2017\/08\/los-herederos-tuzos-nailea-vidrio-juan-calero-hijos-grandes-jugadores\/\" target=\"_blank\" rel=\"noopener noreferrer\">VER M\u00c1S:\u00a0Los herederos Tuzos, Nailea Vidrio y Juan Calero, hijos de grandes jugadores<\/a><\/p>\n<p>As\u00ed mismo, <strong>Nassar<\/strong> afirm\u00f3 que se encuentra analizando la informaci\u00f3n y donaciones a la fundaci\u00f3n del futbolista, donde supuestamente exist\u00eda dinero del narco.<\/p>\n<blockquote><p>&#8220;Toda la informaci\u00f3n del origen de los recursos. Revisamos todas las operaciones de donaci\u00f3n, pero no hay sospechas de que haya absolutamente nada ilegal&#8221;.<\/p><\/blockquote>\n<p style=\"text-align: center;\"><a href=\"https:\/\/www.futboltotal.com.mx\/2017\/08\/tigre-zoologico-bautizado-gignac\/\" target=\"_blank\" rel=\"noopener noreferrer\"><span style=\"color: #333399;\">VER M\u00c1S:\u00a0Tigre de zool\u00f3gico es bautizado como \u2018Gignac\u2019<\/span><\/a><\/p>\n<p>Por \u00faltimo, el abogado defensor declar\u00f3 que <strong>M\u00e1rquez<\/strong> pas\u00f3 la mayor parte de su carrera fuera del pa\u00eds, por lo que tambi\u00e9n analizar\u00e1 el comportamiento de quienes administraban los vienes del jugador aqu\u00ed en <strong>M\u00e9xico.\u00a0<\/strong><\/p>\n","protected":false},"excerpt":{"rendered":"<p>La defensa del Ka\u00edser revisar\u00e1 el comportamiento de quienes administraban sus bienes<\/p>\n","protected":false},"author":20,"featured_media":493121,"comment_status":"closed","ping_status":"closed","sticky":false,"template":"","format":"standard","meta":[],"categories":[5,2198],"tags":[5961,6033,9688],"_links":{"self":[{"href":"http:\/\/desarrollo.grupomedios.com\/futbol\/wp-json\/wp\/v2\/posts\/493940"}],"collection":[{"href":"http:\/\/desarrollo.grupomedios.com\/futbol\/wp-json\/wp\/v2\/posts"}],"about":[{"href":"http:\/\/desarrollo.grupomedios.com\/futbol\/wp-json\/wp\/v2\/types\/post"}],"author":[{"embeddable":true,"href":"http:\/\/desarrollo.grupomedios.com\/futbol\/wp-json\/wp\/v2\/users\/20"}],"replies":[{"embeddable":true,"href":"http:\/\/desarrollo.grupomedios.com\/futbol\/wp-json\/wp\/v2\/comments?post=493940"}],"version-history":[{"count":1,"href":"http:\/\/desarrollo.grupomedios.com\/futbol\/wp-json\/wp\/v2\/posts\/493940\/revisions"}],"predecessor-version":[{"id":493941,"href":"http:\/\/desarrollo.grupomedios.com\/futbol\/wp-json\/wp\/v2\/posts\/493940\/revisions\/493941"}],"wp:featuredmedia":[{"embeddable":true,"href":"http:\/\/desarrollo.grupomedios.com\/futbol\/wp-json\/wp\/v2\/media\/493121"}],"wp:attachment":[{"href":"http:\/\/desarrollo.grupomedios.com\/futbol\/wp-json\/wp\/v2\/media?parent=493940"}],"wp:term":[{"taxonomy":"category","embeddable":true,"href":"http:\/\/desarrollo.grupomedios.com\/futbol\/wp-json\/wp\/v2\/categories?post=493940"},{"taxonomy":"post_tag","embeddable":true,"href":"http:\/\/desarrollo.grupomedios.com\/futbol\/wp-json\/wp\/v2\/tags?post=493940"}],"curies":[{"name":"wp","href":"https:\/\/api.w.org\/{rel}","templated":true}]}}