{"id":493942,"date":"2017-08-14T19:21:56","date_gmt":"2017-08-15T00:21:56","guid":{"rendered":"https:\/\/www.futboltotal.com.mx\/?p=493942"},"modified":"2017-08-14T19:21:56","modified_gmt":"2017-08-15T00:21:56","slug":"problemas-osorio-para-proxima-convocatoria","status":"publish","type":"post","link":"http:\/\/desarrollo.grupomedios.com\/futbol\/destacado-home\/problemas-osorio-para-proxima-convocatoria\/2017\/08","title":{"rendered":"Los problemas que tendr\u00e1 Osorio para la pr\u00f3xima convocatoria"},"content":{"rendered":"<p>Vaya l\u00edo que tendr\u00e1 el t\u00e9cnico de la <strong>Selecci\u00f3n Mexicana, <a href=\"https:\/\/www.futboltotal.com.mx\/2017\/08\/osorio-tendria-duda-del-nivel-jonathan-dos-santos-la-copa-del-mundo\/\" target=\"_blank\" rel=\"noopener noreferrer\"><span style=\"color: #333399;\">Juan Carlos Osorio<\/span><\/a><\/strong>, para dar la pr\u00f3xima lista de convocados para los duelos eliminatorios del <em>Tricolor.<\/em><\/p>\n<p>Y es que en los \u00faltimos d\u00edas vio como sus jugadores pilar, <a href=\"https:\/\/www.futboltotal.com.mx\/2017\/08\/jonathan-dos-santos-despide-villarreal\/\" target=\"_blank\" rel=\"noopener noreferrer\"><span style=\"color: #333399;\"><strong>Jonathan Dos Santos<\/strong><\/span><\/a> y <a href=\"https:\/\/www.futboltotal.com.mx\/2017\/08\/aficion-los-angeles-explota-la-llegada-carlos-vela\/\" target=\"_blank\" rel=\"noopener noreferrer\"><span style=\"color: #333399;\"><strong>Carlos Vela<\/strong><\/span><\/a>, ficharon con clubes de la <a href=\"https:\/\/www.futboltotal.com.mx\/2017\/08\/kaka-es-victima-del-var-en-la-mls\/\" target=\"_blank\" rel=\"noopener noreferrer\"><span style=\"color: #333399;\"><strong>MLS<\/strong><\/span><\/a> para decir adi\u00f3s al sue\u00f1o europeo, como lo hiciera <a href=\"https:\/\/www.futboltotal.com.mx\/2017\/08\/giovani-dos-santos-falla-penal-se-lleva-jersey-bale\/\" target=\"_blank\" rel=\"noopener noreferrer\"><span style=\"color: #333399;\"><strong>Giovani Dos Santos<\/strong><\/span><\/a> el a\u00f1o pasado.<\/p>\n<p>Sin embargo, ese no ser\u00e1 su \u00fanico problema, ya que los se\u00f1alamientos que recaen sobre <a href=\"https:\/\/www.futboltotal.com.mx\/2017\/08\/abogado-asegura-marquez-y-raul-flores-no-se-conocen\/\" target=\"_blank\" rel=\"noopener noreferrer\"><span style=\"color: #333399;\"><strong>Rafael M\u00e1rquez<\/strong><\/span><\/a> por presuntos nexos con el narcotr\u00e1fico, hacen pensar que el <em>K\u00e1iser<\/em> no podr\u00e1 concentrarse con el <em>Tri.<\/em><\/p>\n<p style=\"text-align: center;\"><a href=\"https:\/\/www.futboltotal.com.mx\/2017\/08\/abogado-asegura-marquez-y-raul-flores-no-se-conocen\/\" target=\"_blank\" rel=\"noopener noreferrer\"><span style=\"color: #333399;\">VER M\u00c1S:\u00a0Abogado asegura que M\u00e1rquez y Ra\u00fal Flores no se conocen<\/span><\/a><\/p>\n<p><strong>Osorio<\/strong> dar\u00e1 a conocer la pr\u00f3xima semana la lista de convocados para los encuentros eliminatorios ante <strong>Panam\u00e1<\/strong> y <strong>Costa Rica<\/strong> del 1 y 5 de septiembre, respectivamente.<\/p>\n<p>Aunado a eso, las lesiones son otra problem\u00e1tica para el timonel del combinado azteca, tras la baja de<a href=\"https:\/\/www.futboltotal.com.mx\/2017\/08\/alfredo-talaver-fue-operado-satisfactoriamente\/\" target=\"_blank\" rel=\"noopener noreferrer\"><span style=\"color: #333399;\"><strong> Alfredo Talavera<\/strong><\/span><\/a> por los pr\u00f3ximos seis meses, as\u00ed como las lesiones de <a href=\"https:\/\/www.futboltotal.com.mx\/2017\/08\/eintracht-frankfurt-perdera-dos-meses-a-marco-fabian\/\" target=\"_blank\" rel=\"noopener noreferrer\"><span style=\"color: #333399;\"><strong>Marco Fabi\u00e1n<\/strong><\/span><\/a> y <a href=\"https:\/\/www.futboltotal.com.mx\/2017\/08\/carlos-salcedo-listo-debutar-ante-betis-guardado\/\" target=\"_blank\" rel=\"noopener noreferrer\"><span style=\"color: #333399;\"><strong>Carlos Salcedo<\/strong><\/span><\/a>, quienes no han podido ver acci\u00f3n con el <a href=\"https:\/\/www.futboltotal.com.mx\/2017\/08\/marco-fabian-es-ovacionado-en-ultimo-amistoso-del-eintracht\/\" target=\"_blank\" rel=\"noopener noreferrer\"><span style=\"color: #333399;\"><strong>Eintracht Frankfurt<\/strong><\/span><\/a> a causa de sus problema f\u00edsicos.<\/p>\n<p style=\"text-align: center;\"><a href=\"https:\/\/www.futboltotal.com.mx\/2017\/08\/reporte-disciplinario-j4-valdez-aquino-almeyda-a-la-congeladora\/\" target=\"_blank\" rel=\"noopener noreferrer\"><span style=\"color: #333399;\">VER M\u00c1S:\u00a0Reporte disciplinario J4: Valdez, Aquino y Almeyda a la congeladora<\/span><\/a><\/p>\n<p>La continuidad de los europeos es otra problem\u00e1tica, debido a que <a href=\"https:\/\/www.futboltotal.com.mx\/2017\/08\/diego-reyes-en-los-cielos-por-una-actriz\/\" target=\"_blank\" rel=\"noopener noreferrer\"><span style=\"color: #333399;\"><strong>Diego Reyes<\/strong><\/span><\/a> perdi\u00f3 minutos tras su salida del <strong>Espanyol de Barcelona<\/strong>. En tanto que <a href=\"https:\/\/www.futboltotal.com.mx\/2017\/08\/jimenez-jugo-siete-minutos-en-debut-del-benfica-en-liga\/\" target=\"_blank\" rel=\"noopener noreferrer\"><span style=\"color: #333399;\"><strong>Ra\u00fal Jim\u00e9nez<\/strong><\/span><\/a> parece que tampoco tendr\u00e1 los minutos suficientes con el <a href=\"https:\/\/www.futboltotal.com.mx\/2017\/08\/raul-jimenez-marca-gol-benfica-se-lleva-la-supercopa\/\" target=\"_blank\" rel=\"noopener noreferrer\"><span style=\"color: #333399;\"><strong>Benfica<\/strong><\/span><\/a>, as\u00ed como <a href=\"https:\/\/www.futboltotal.com.mx\/2017\/08\/miguel-layun-ahora-suena-futbol-turco\/\" target=\"_blank\" rel=\"noopener noreferrer\"><span style=\"color: #333399;\"><strong>Miguel Lay\u00fan<\/strong> <\/span><\/a>con el <strong><a href=\"https:\/\/www.futboltotal.com.mx\/2017\/08\/manchester-united-manda-visores-porto-para-ver-a-tecatito\/\" target=\"_blank\" rel=\"noopener noreferrer\"><span style=\"color: #333399;\">Porto<\/span><\/a>.<\/strong><\/p>\n<p>Pero entre todo lo malo est\u00e1n el fichaje de <a href=\"https:\/\/www.futboltotal.com.mx\/2017\/08\/lozano-pudo-volverse-inmortal-philipp-cocu\/\" target=\"_blank\" rel=\"noopener noreferrer\"><span style=\"color: #333399;\"><strong>Hirving Lozano<\/strong><\/span><\/a> con el <strong>PSV Eindhoven<\/strong> y la permanencia de <a href=\"https:\/\/www.futboltotal.com.mx\/2017\/08\/memo-ochoa-emotivo-video-muerte-abuela\/\" target=\"_blank\" rel=\"noopener noreferrer\"><span style=\"color: #333399;\"><strong>Guillermo Ochoa<\/strong><\/span><\/a> en <strong>Europa<\/strong>, luego de firmar con el <strong>Standard de Lieja<\/strong> y por \u00faltimo, el regreso de &#8216;<a href=\"https:\/\/www.futboltotal.com.mx\/2017\/08\/chicharito-y-andrea-duro-pasan-fin-semana-londres\/\" target=\"_blank\" rel=\"noopener noreferrer\"><span style=\"color: #333399;\"><strong>Chicharito<\/strong><\/span><\/a>&#8216; a la <strong>Premier League.\u00a0<\/strong><\/p>\n<p style=\"text-align: center;\"><a href=\"https:\/\/www.futboltotal.com.mx\/2017\/08\/los-herederos-tuzos-nailea-vidrio-juan-calero-hijos-grandes-jugadores\/\" target=\"_blank\" rel=\"noopener noreferrer\"><span style=\"color: #333399;\">VER M\u00c1S:\u00a0Los herederos Tuzos, Nailea Vidrio y Juan Calero, hijos de grandes jugadores<\/span><\/a><\/p>\n","protected":false},"excerpt":{"rendered":"<p>Vaya que la tendr\u00e1 dif\u00edcil el t\u00e9cnico nacional<\/p>\n","protected":false},"author":20,"featured_media":489962,"comment_status":"closed","ping_status":"closed","sticky":false,"template":"","format":"standard","meta":[],"categories":[5,2198,3847],"tags":[6196,9744,409,397],"_links":{"self":[{"href":"http:\/\/desarrollo.grupomedios.com\/futbol\/wp-json\/wp\/v2\/posts\/493942"}],"collection":[{"href":"http:\/\/desarrollo.grupomedios.com\/futbol\/wp-json\/wp\/v2\/posts"}],"about":[{"href":"http:\/\/desarrollo.grupomedios.com\/futbol\/wp-json\/wp\/v2\/types\/post"}],"author":[{"embeddable":true,"href":"http:\/\/desarrollo.grupomedios.com\/futbol\/wp-json\/wp\/v2\/users\/20"}],"replies":[{"embeddable":true,"href":"http:\/\/desarrollo.grupomedios.com\/futbol\/wp-json\/wp\/v2\/comments?post=493942"}],"version-history":[{"count":1,"href":"http:\/\/desarrollo.grupomedios.com\/futbol\/wp-json\/wp\/v2\/posts\/493942\/revisions"}],"predecessor-version":[{"id":493943,"href":"http:\/\/desarrollo.grupomedios.com\/futbol\/wp-json\/wp\/v2\/posts\/493942\/revisions\/493943"}],"wp:featuredmedia":[{"embeddable":true,"href":"http:\/\/desarrollo.grupomedios.com\/futbol\/wp-json\/wp\/v2\/media\/489962"}],"wp:attachment":[{"href":"http:\/\/desarrollo.grupomedios.com\/futbol\/wp-json\/wp\/v2\/media?parent=493942"}],"wp:term":[{"taxonomy":"category","embeddable":true,"href":"http:\/\/desarrollo.grupomedios.com\/futbol\/wp-json\/wp\/v2\/categories?post=493942"},{"taxonomy":"post_tag","embeddable":true,"href":"http:\/\/desarrollo.grupomedios.com\/futbol\/wp-json\/wp\/v2\/tags?post=493942"}],"curies":[{"name":"wp","href":"https:\/\/api.w.org\/{rel}","templated":true}]}}