{"id":493948,"date":"2017-08-14T19:55:15","date_gmt":"2017-08-15T00:55:15","guid":{"rendered":"https:\/\/www.futboltotal.com.mx\/?p=493948"},"modified":"2017-08-14T19:55:15","modified_gmt":"2017-08-15T00:55:15","slug":"chelsea-me-ha-tratado-como-criminal-diego-costa","status":"publish","type":"post","link":"http:\/\/desarrollo.grupomedios.com\/futbol\/futbol-internacional\/chelsea-me-ha-tratado-como-criminal-diego-costa\/2017\/08","title":{"rendered":"&#8220;Chelsea me ha tratado como criminal&#8221;: Diego Costa"},"content":{"rendered":"<p>El delantero espa\u00f1ol del <strong><a href=\"https:\/\/www.futboltotal.com.mx\/2017\/08\/chelsea-sufre-derrota-sorpresiva-y-manchester-city-gana-en-premier\/\" target=\"_blank\" rel=\"noopener noreferrer\"><span style=\"color: #333399;\">Chelsea<\/span><\/a>, <a href=\"https:\/\/www.futboltotal.com.mx\/2017\/08\/diego-costa-forzara-salida-chelsea-volver-atletico-madrid\/\" target=\"_blank\" rel=\"noopener noreferrer\"><span style=\"color: #333399;\">Diego Costa<\/span><\/a><\/strong>, no est\u00e1 conforme con el trato que le ha dado del cuadro <em>Blue<\/em> y por eso decidi\u00f3 romper el silencio y hablar sobre la situaci\u00f3n que vive con la escuadra londinense, en entrevista para Daily Mail.<\/p>\n<blockquote><p>&#8220;Estoy esperando a que el Chelsea me libere. No quer\u00eda irme, era feliz, pero cuando el t\u00e9cnico no te quiere, te tienes que ir. Quiero que se resuelva mi fichaje con el Atl\u00e9tico. Estoy dispuesto a pasar un a\u00f1o sin jugar, incluso si Chelsea me sanciona y no me paga&#8221;.<\/p><\/blockquote>\n<p style=\"text-align: center;\"><a href=\"https:\/\/www.futboltotal.com.mx\/2017\/08\/tiger-wood-tenia-cinco-drogas-en-sistema-cuando-lo-arrestaron\/\" target=\"_blank\" rel=\"noopener noreferrer\"><span style=\"color: #333399;\">VER M\u00c1S:\u00a0Tiger Wood ten\u00eda cinco drogas en su sistema cuando lo arrestaron<\/span><\/a><\/p>\n<p>El atacante de <em>La Roja<\/em> asegur\u00f3 que los de <strong>Stamford Bridge<\/strong> lo han tratado como criminal, pues no lo dejan ingresar a los vestidores del club ni convivir con los jugadores.<\/p>\n<blockquote><p>&#8220;Quieren que entrene con las reservas, sin acceso al vestuario del primer equipo ni tener contacto con los jugadores. No es justo no soy un criminal&#8221;.<\/p><\/blockquote>\n<p style=\"text-align: center;\"><a href=\"https:\/\/www.futboltotal.com.mx\/2017\/08\/problemas-osorio-para-proxima-convocatoria\/\" target=\"_blank\" rel=\"noopener noreferrer\"><span style=\"color: #333399;\">VER M\u00c1S:\u00a0Los problemas que tendr\u00e1 Osorio para la pr\u00f3xima convocatoria<\/span><\/a><\/p>\n<p>&nbsp;<\/p>\n","protected":false},"excerpt":{"rendered":"<p>Diego Costa no puede ni entrar a los vestidores del primer equipo<\/p>\n","protected":false},"author":20,"featured_media":454482,"comment_status":"closed","ping_status":"closed","sticky":false,"template":"","format":"standard","meta":[],"categories":[3839,3846],"tags":[5981,3205],"_links":{"self":[{"href":"http:\/\/desarrollo.grupomedios.com\/futbol\/wp-json\/wp\/v2\/posts\/493948"}],"collection":[{"href":"http:\/\/desarrollo.grupomedios.com\/futbol\/wp-json\/wp\/v2\/posts"}],"about":[{"href":"http:\/\/desarrollo.grupomedios.com\/futbol\/wp-json\/wp\/v2\/types\/post"}],"author":[{"embeddable":true,"href":"http:\/\/desarrollo.grupomedios.com\/futbol\/wp-json\/wp\/v2\/users\/20"}],"replies":[{"embeddable":true,"href":"http:\/\/desarrollo.grupomedios.com\/futbol\/wp-json\/wp\/v2\/comments?post=493948"}],"version-history":[{"count":1,"href":"http:\/\/desarrollo.grupomedios.com\/futbol\/wp-json\/wp\/v2\/posts\/493948\/revisions"}],"predecessor-version":[{"id":493949,"href":"http:\/\/desarrollo.grupomedios.com\/futbol\/wp-json\/wp\/v2\/posts\/493948\/revisions\/493949"}],"wp:featuredmedia":[{"embeddable":true,"href":"http:\/\/desarrollo.grupomedios.com\/futbol\/wp-json\/wp\/v2\/media\/454482"}],"wp:attachment":[{"href":"http:\/\/desarrollo.grupomedios.com\/futbol\/wp-json\/wp\/v2\/media?parent=493948"}],"wp:term":[{"taxonomy":"category","embeddable":true,"href":"http:\/\/desarrollo.grupomedios.com\/futbol\/wp-json\/wp\/v2\/categories?post=493948"},{"taxonomy":"post_tag","embeddable":true,"href":"http:\/\/desarrollo.grupomedios.com\/futbol\/wp-json\/wp\/v2\/tags?post=493948"}],"curies":[{"name":"wp","href":"https:\/\/api.w.org\/{rel}","templated":true}]}}