{"id":493968,"date":"2017-08-15T08:59:43","date_gmt":"2017-08-15T13:59:43","guid":{"rendered":"https:\/\/www.futboltotal.com.mx\/?p=493968"},"modified":"2017-08-15T09:18:08","modified_gmt":"2017-08-15T14:18:08","slug":"jonathan-dos-santos-marta-carriedo-terminan-relacion","status":"publish","type":"post","link":"http:\/\/desarrollo.grupomedios.com\/futbol\/cambio-de-juego\/jonathan-dos-santos-marta-carriedo-terminan-relacion\/2017\/08","title":{"rendered":"Jonathan Dos Santos y Marta Carriedo terminan su relaci\u00f3n"},"content":{"rendered":"<p><strong>Jonathan Dos Santos<\/strong> termin\u00f3 su relaci\u00f3n con <strong>Marta Carriedo<\/strong>, as\u00ed lo dio a conocer al bloggera espa\u00f1ola a traves de un video.<\/p>\n<p>En su canal de YouTube, Carriedo dio a conocer los detalles de su separaci\u00f3n. Estableciendo que fue una decisi\u00f3n de ambas partes.<\/p>\n<p style=\"text-align: center;\"><span style=\"color: #333399;\"><a style=\"color: #333399;\" href=\"https:\/\/www.futboltotal.com.mx\/2017\/08\/jemez-podria-recibir-hasta-nueve-juegos-de-suspension\/\" target=\"_blank\" rel=\"noopener noreferrer\">VER M\u00c1S: Paco J\u00e9mez podr\u00eda recibir 9 partidos de suspensi\u00f3n\u00a0<\/a><\/span><\/p>\n<p>Expres\u00f3 que ya no eran capaces de resolver sus peleas y ese fue el causante principal para deshacer su compromiso que apenas hab\u00edan establecido en julio pasado.<\/p>\n<p>En ese mismo video, Carriedo aclara que no fue la raz\u00f3n para que Jonathan Dos Santos se decantara por jugar en <strong>LA Galaxy<\/strong>, pues indic\u00f3 que recibi\u00f3 muchos ataques por esta raz\u00f3n, pues ella vive en <strong>Los \u00c1ngeles.<\/strong><\/p>\n<p style=\"text-align: center;\"><span style=\"color: #333399;\"><a style=\"color: #333399;\" href=\"https:\/\/www.futboltotal.com.mx\/2017\/08\/chicharito-y-andrea-duro-pasan-fin-semana-londres\/\" target=\"_blank\" rel=\"noopener noreferrer\">VER M\u00c1S: Chicharito y Andrea Duro pasan fin de semana en Londres<\/a><\/span><\/p>\n<p><iframe loading=\"lazy\" src=\"https:\/\/www.youtube.com\/embed\/qHW6Mvzspws?feature=oembed\" frameborder=\"0\" allowfullscreen><\/iframe><\/p>\n<p>&nbsp;<\/p>\n","protected":false},"excerpt":{"rendered":"<p>La espa\u00f1ola indic\u00f3 que no fue un factor par que se decantara por Los \u00c1ngeles<\/p>\n","protected":false},"author":20,"featured_media":433649,"comment_status":"closed","ping_status":"closed","sticky":false,"template":"","format":"standard","meta":[],"categories":[5419],"tags":[48,1098,9750],"_links":{"self":[{"href":"http:\/\/desarrollo.grupomedios.com\/futbol\/wp-json\/wp\/v2\/posts\/493968"}],"collection":[{"href":"http:\/\/desarrollo.grupomedios.com\/futbol\/wp-json\/wp\/v2\/posts"}],"about":[{"href":"http:\/\/desarrollo.grupomedios.com\/futbol\/wp-json\/wp\/v2\/types\/post"}],"author":[{"embeddable":true,"href":"http:\/\/desarrollo.grupomedios.com\/futbol\/wp-json\/wp\/v2\/users\/20"}],"replies":[{"embeddable":true,"href":"http:\/\/desarrollo.grupomedios.com\/futbol\/wp-json\/wp\/v2\/comments?post=493968"}],"version-history":[{"count":2,"href":"http:\/\/desarrollo.grupomedios.com\/futbol\/wp-json\/wp\/v2\/posts\/493968\/revisions"}],"predecessor-version":[{"id":493981,"href":"http:\/\/desarrollo.grupomedios.com\/futbol\/wp-json\/wp\/v2\/posts\/493968\/revisions\/493981"}],"wp:featuredmedia":[{"embeddable":true,"href":"http:\/\/desarrollo.grupomedios.com\/futbol\/wp-json\/wp\/v2\/media\/433649"}],"wp:attachment":[{"href":"http:\/\/desarrollo.grupomedios.com\/futbol\/wp-json\/wp\/v2\/media?parent=493968"}],"wp:term":[{"taxonomy":"category","embeddable":true,"href":"http:\/\/desarrollo.grupomedios.com\/futbol\/wp-json\/wp\/v2\/categories?post=493968"},{"taxonomy":"post_tag","embeddable":true,"href":"http:\/\/desarrollo.grupomedios.com\/futbol\/wp-json\/wp\/v2\/tags?post=493968"}],"curies":[{"name":"wp","href":"https:\/\/api.w.org\/{rel}","templated":true}]}}