{"id":493973,"date":"2017-08-15T09:24:43","date_gmt":"2017-08-15T14:24:43","guid":{"rendered":"https:\/\/www.futboltotal.com.mx\/?p=493973"},"modified":"2017-08-15T12:13:36","modified_gmt":"2017-08-15T17:13:36","slug":"dos-cracks-argentina-la-mira-en-jugador-pumas","status":"publish","type":"post","link":"http:\/\/desarrollo.grupomedios.com\/futbol\/futbol-internacional\/dos-cracks-argentina-la-mira-en-jugador-pumas\/2017\/08","title":{"rendered":"Dos cracks de Argentina tienen la mira en jugador de Pumas"},"content":{"rendered":"<p><strong>Mauro Formica<\/strong>, quien se convirti\u00f3 en refuerzo de<strong> Pumas<\/strong> para el actual <strong>Apertura 2017<\/strong>, es seguido por dos verdaderos cracks del balompi\u00e9.<\/p>\n<p>Por un lado, <strong>Lionel Messi<\/strong> quien le dio like a una de sus fotograf\u00edas en Instagram, y con quien comparti\u00f3 momentos en las inferiores de <strong>Newell&#8217;s Old Boys<\/strong>, pues ambos futbolistas surgieron del club rosarino.<\/p>\n<p style=\"text-align: center;\"><span style=\"color: #333399;\"><a style=\"color: #333399;\" href=\"https:\/\/www.futboltotal.com.mx\/2017\/08\/jemez-podria-recibir-hasta-nueve-juegos-de-suspension\/\" target=\"_blank\" rel=\"noopener noreferrer\">VER M\u00c1S: Paco J\u00e9mez podr\u00eda recibir 9 partidos de suspensi\u00f3n<\/a><\/span><\/p>\n<p><a href=\"https:\/\/www.futboltotal.com.mx\/wp-content\/uploads\/2017\/08\/formica-messi.jpg\"><img decoding=\"async\" loading=\"lazy\" class=\"alignnone size-full wp-image-493980\" src=\"https:\/\/www.futboltotal.com.mx\/wp-content\/uploads\/2017\/08\/formica-messi.jpg\" alt=\"Dos cracks de Argentina tienen la mira en jugador de Pumas 0\" srcset=\"http:\/\/desarrollo.grupomedios.com\/futbol\/wp-content\/uploads\/2017\/08\/formica-messi.jpg 750w, http:\/\/desarrollo.grupomedios.com\/futbol\/wp-content\/uploads\/2017\/08\/formica-messi-224x300.jpg 224w\" sizes=\"(max-width: 750px) 100vw, 750px\" \/><\/a><\/p>\n<p><a href=\"https:\/\/www.futboltotal.com.mx\/wp-content\/uploads\/2017\/08\/formi-messi.jpg\"><img decoding=\"async\" loading=\"lazy\" class=\"alignnone size-full wp-image-493982\" src=\"https:\/\/www.futboltotal.com.mx\/wp-content\/uploads\/2017\/08\/formi-messi.jpg\" alt=\"Dos cracks de Argentina tienen la mira en jugador de Pumas 1\" srcset=\"http:\/\/desarrollo.grupomedios.com\/futbol\/wp-content\/uploads\/2017\/08\/formi-messi.jpg 609w, http:\/\/desarrollo.grupomedios.com\/futbol\/wp-content\/uploads\/2017\/08\/formi-messi-300x159.jpg 300w\" sizes=\"(max-width: 609px) 100vw, 609px\" \/><\/a><\/p>\n<p>Por otro lado, <strong>Paulo Dybala<\/strong>, que hoy es estrella en la<strong> Juventus<\/strong> de Tur\u00edn, le dio like a la misma publicaci\u00f3n del &#8216;Gato&#8217;, ambos futbolistas estuvieron un a\u00f1o juntos en el <strong>Palermo<\/strong> de Italia.<\/p>\n<p><a href=\"https:\/\/www.futboltotal.com.mx\/wp-content\/uploads\/2017\/08\/formica-dybala-1.jpg\"><img decoding=\"async\" loading=\"lazy\" class=\"alignnone size-full wp-image-493984\" src=\"https:\/\/www.futboltotal.com.mx\/wp-content\/uploads\/2017\/08\/formica-dybala-1.jpg\" alt=\"Dos cracks de Argentina tienen la mira en jugador de Pumas 2\" srcset=\"http:\/\/desarrollo.grupomedios.com\/futbol\/wp-content\/uploads\/2017\/08\/formica-dybala-1.jpg 803w, http:\/\/desarrollo.grupomedios.com\/futbol\/wp-content\/uploads\/2017\/08\/formica-dybala-1-255x300.jpg 255w, http:\/\/desarrollo.grupomedios.com\/futbol\/wp-content\/uploads\/2017\/08\/formica-dybala-1-768x902.jpg 768w\" sizes=\"(max-width: 803px) 100vw, 803px\" \/><\/a><\/p>\n<p><a href=\"https:\/\/www.futboltotal.com.mx\/wp-content\/uploads\/2017\/08\/formi-dybala.jpg\"><img decoding=\"async\" loading=\"lazy\" class=\"alignnone size-full wp-image-493985\" src=\"https:\/\/www.futboltotal.com.mx\/wp-content\/uploads\/2017\/08\/formi-dybala.jpg\" alt=\"Dos cracks de Argentina tienen la mira en jugador de Pumas 3\" srcset=\"http:\/\/desarrollo.grupomedios.com\/futbol\/wp-content\/uploads\/2017\/08\/formi-dybala.jpg 392w, http:\/\/desarrollo.grupomedios.com\/futbol\/wp-content\/uploads\/2017\/08\/formi-dybala-150x150.jpg 150w, http:\/\/desarrollo.grupomedios.com\/futbol\/wp-content\/uploads\/2017\/08\/formi-dybala-298x300.jpg 298w\" sizes=\"(max-width: 392px) 100vw, 392px\" \/><\/a><\/p>\n<p style=\"text-align: center;\"><span style=\"color: #333399;\"><a style=\"color: #333399;\" href=\"https:\/\/www.futboltotal.com.mx\/2017\/08\/jonathan-dos-santos-marta-carriedo-terminan-relacion\/\" target=\"_blank\" rel=\"noopener noreferrer\">VER M\u00c1S: Jonathan Dos Santos y Marta Carriedo terminan su relaci\u00f3n<\/a><\/span><\/p>\n","protected":false},"excerpt":{"rendered":"<p>El delantero de Pumas es seguido por jugadores importantes de Argentina<\/p>\n","protected":false},"author":20,"featured_media":479399,"comment_status":"closed","ping_status":"closed","sticky":false,"template":"","format":"standard","meta":[],"categories":[3839],"tags":[6012,2971,6669,74],"_links":{"self":[{"href":"http:\/\/desarrollo.grupomedios.com\/futbol\/wp-json\/wp\/v2\/posts\/493973"}],"collection":[{"href":"http:\/\/desarrollo.grupomedios.com\/futbol\/wp-json\/wp\/v2\/posts"}],"about":[{"href":"http:\/\/desarrollo.grupomedios.com\/futbol\/wp-json\/wp\/v2\/types\/post"}],"author":[{"embeddable":true,"href":"http:\/\/desarrollo.grupomedios.com\/futbol\/wp-json\/wp\/v2\/users\/20"}],"replies":[{"embeddable":true,"href":"http:\/\/desarrollo.grupomedios.com\/futbol\/wp-json\/wp\/v2\/comments?post=493973"}],"version-history":[{"count":2,"href":"http:\/\/desarrollo.grupomedios.com\/futbol\/wp-json\/wp\/v2\/posts\/493973\/revisions"}],"predecessor-version":[{"id":494016,"href":"http:\/\/desarrollo.grupomedios.com\/futbol\/wp-json\/wp\/v2\/posts\/493973\/revisions\/494016"}],"wp:featuredmedia":[{"embeddable":true,"href":"http:\/\/desarrollo.grupomedios.com\/futbol\/wp-json\/wp\/v2\/media\/479399"}],"wp:attachment":[{"href":"http:\/\/desarrollo.grupomedios.com\/futbol\/wp-json\/wp\/v2\/media?parent=493973"}],"wp:term":[{"taxonomy":"category","embeddable":true,"href":"http:\/\/desarrollo.grupomedios.com\/futbol\/wp-json\/wp\/v2\/categories?post=493973"},{"taxonomy":"post_tag","embeddable":true,"href":"http:\/\/desarrollo.grupomedios.com\/futbol\/wp-json\/wp\/v2\/tags?post=493973"}],"curies":[{"name":"wp","href":"https:\/\/api.w.org\/{rel}","templated":true}]}}