{"id":494007,"date":"2017-08-15T12:00:55","date_gmt":"2017-08-15T17:00:55","guid":{"rendered":"https:\/\/www.futboltotal.com.mx\/?p=494007"},"modified":"2017-08-15T12:00:55","modified_gmt":"2017-08-15T17:00:55","slug":"real-madrid-vs-mls-stars-visto-la-camara-del-arbitro","status":"publish","type":"post","link":"http:\/\/desarrollo.grupomedios.com\/futbol\/futbol-internacional\/real-madrid-vs-mls-stars-visto-la-camara-del-arbitro\/2017\/08","title":{"rendered":"Real Madrid vs MLS Stars visto desde la c\u00e1mara del \u00e1rbitro"},"content":{"rendered":"<p>El duelo que se dio entre las estrellas de la\u00a0<strong>Major League Soccer<\/strong> \u00a0y <strong>Real Madrid<\/strong>, pitado por <strong>Allen Chapman,<\/strong> fue grabado desde la \u00f3ptica del silbante de una forma espectacular.<\/p>\n<p>La MLS arm\u00f3 un compilado con las mejores im\u00e1genes de lo captado por el \u00e1rbitro y las present\u00f3 en un video a trav\u00e9s de su canal oficial en <strong>YouTube<\/strong>.<\/p>\n<p style=\"text-align: center;\"><span style=\"color: #333399;\"><a style=\"color: #333399;\" href=\"https:\/\/www.futboltotal.com.mx\/2017\/08\/angel-di-maria-presume-iman-cracks\/\" target=\"_blank\" rel=\"noopener noreferrer\">VER M\u00c1S: \u00c1ngel Di Mar\u00eda presume que es un im\u00e1n de cracks<\/a><\/span><\/p>\n<p>El puesto privilegiado del silbante logr\u00f3 un material original y especial, en un duelo que acabaron ganando los merengues en tanda de penales.<\/p>\n<p><iframe loading=\"lazy\" src=\"https:\/\/www.youtube.com\/embed\/OITbl-lDU0k?feature=oembed\" frameborder=\"0\" allowfullscreen><\/iframe><\/p>\n<p style=\"text-align: center;\"><span style=\"color: #333399;\"><a style=\"color: #333399;\" href=\"https:\/\/www.futboltotal.com.mx\/2017\/08\/dos-cracks-argentina-la-mira-en-jugador-pumas\/\" target=\"_blank\" rel=\"noopener noreferrer\">VER M\u00c1S: Dos cracks argentinos tienen en la mira a jugador de Pumas<\/a><\/span><\/p>\n<p>&nbsp;<\/p>\n","protected":false},"excerpt":{"rendered":"<p>El silbante llevaba una c\u00e1mara especial para grabar el juego<\/p>\n","protected":false},"author":20,"featured_media":494011,"comment_status":"closed","ping_status":"closed","sticky":false,"template":"","format":"standard","meta":[],"categories":[3839],"tags":[195,5988],"_links":{"self":[{"href":"http:\/\/desarrollo.grupomedios.com\/futbol\/wp-json\/wp\/v2\/posts\/494007"}],"collection":[{"href":"http:\/\/desarrollo.grupomedios.com\/futbol\/wp-json\/wp\/v2\/posts"}],"about":[{"href":"http:\/\/desarrollo.grupomedios.com\/futbol\/wp-json\/wp\/v2\/types\/post"}],"author":[{"embeddable":true,"href":"http:\/\/desarrollo.grupomedios.com\/futbol\/wp-json\/wp\/v2\/users\/20"}],"replies":[{"embeddable":true,"href":"http:\/\/desarrollo.grupomedios.com\/futbol\/wp-json\/wp\/v2\/comments?post=494007"}],"version-history":[{"count":1,"href":"http:\/\/desarrollo.grupomedios.com\/futbol\/wp-json\/wp\/v2\/posts\/494007\/revisions"}],"predecessor-version":[{"id":494013,"href":"http:\/\/desarrollo.grupomedios.com\/futbol\/wp-json\/wp\/v2\/posts\/494007\/revisions\/494013"}],"wp:featuredmedia":[{"embeddable":true,"href":"http:\/\/desarrollo.grupomedios.com\/futbol\/wp-json\/wp\/v2\/media\/494011"}],"wp:attachment":[{"href":"http:\/\/desarrollo.grupomedios.com\/futbol\/wp-json\/wp\/v2\/media?parent=494007"}],"wp:term":[{"taxonomy":"category","embeddable":true,"href":"http:\/\/desarrollo.grupomedios.com\/futbol\/wp-json\/wp\/v2\/categories?post=494007"},{"taxonomy":"post_tag","embeddable":true,"href":"http:\/\/desarrollo.grupomedios.com\/futbol\/wp-json\/wp\/v2\/tags?post=494007"}],"curies":[{"name":"wp","href":"https:\/\/api.w.org\/{rel}","templated":true}]}}