{"id":494042,"date":"2017-08-15T13:59:58","date_gmt":"2017-08-15T18:59:58","guid":{"rendered":"https:\/\/www.futboltotal.com.mx\/?p=494042"},"modified":"2017-08-15T13:59:58","modified_gmt":"2017-08-15T18:59:58","slug":"rebeca-landa-nuevo-fichaje-espn-conocela","status":"publish","type":"post","link":"http:\/\/desarrollo.grupomedios.com\/futbol\/cambio-de-juego\/rebeca-landa-nuevo-fichaje-espn-conocela\/2017\/08","title":{"rendered":"Rebeca Landa, el nuevo fichaje de ESPN \u00a1Con\u00f3cela!"},"content":{"rendered":"<p>La cadena <em>ESPN<\/em> present\u00f3 a su nuevo &#8216;fichaje&#8217; para las transmisiones de televisi\u00f3n, pues ahora los seguidores disfrutaran de la belleza y el conocimiento de <strong>Rebeca Landa<\/strong>.<\/p>\n<p>La bella de 25 a\u00f1os ser\u00e1 el nuevo talento del canal estadounidense y ya tuvo su primera aparici\u00f3n hace unas semanas en el Abierto Mexicano de Tenis de los Cabos.<\/p>\n<p><strong>Rebeca<\/strong> es una reportera egresada de la Universidad de las Am\u00e9ricas Puebla y cuenta con una certificaci\u00f3n en Broadcasting de la ciudad de Miami, donde trabaj\u00f3 de cerca en el futbol americano, una de sus grandes pasiones.<\/p>\n<p style=\"text-align: center;\"><span style=\"color: #3366ff;\"><a style=\"color: #3366ff;\" href=\"https:\/\/www.futboltotal.com.mx\/2017\/08\/mexico-revela-ciudades-podrian-sede-mundial-2026\/\">VER M\u00c1S: M\u00e9xico revela ciudades que podr\u00edan ser sede de Mundial 2026<\/a><\/span><\/p>\n<blockquote class=\"instagram-media\" style=\"background: #FFF; border: 0; border-radius: 3px; box-shadow: 0 0 1px 0 rgba(0,0,0,0.5),0 1px 10px 0 rgba(0,0,0,0.15); margin: 1px; max-width: 658px; padding: 0; width: calc(100% - 2px);\" data-instgrm-captioned=\"\" data-instgrm-version=\"7\">\n<div style=\"padding: 8px;\">\n<div style=\"background: #F8F8F8; line-height: 0; margin-top: 40px; padding: 33.33333333333333% 0; text-align: center; width: 100%;\"><\/div>\n<p style=\"margin: 8px 0 0 0; padding: 0 4px;\"><a style=\"color: #000; font-family: Arial,sans-serif; font-size: 14px; font-style: normal; font-weight: normal; line-height: 17px; text-decoration: none; word-wrap: break-word;\" href=\"https:\/\/www.instagram.com\/p\/BU4XHuQhrQk\/\" target=\"_blank\" rel=\"noopener noreferrer\">Clear eyes, full hearts, can&#8217;t loose &#x1f4aa;&#x1f3fc;&#x1f469;&#x1f3fb;&#x1f451; \u2022 \u2022 \u2022 ABIERTO CHOLULA 2017 S\u00c1BADO 8:00 am @panteras.puebla vs. Sirenas Canc\u00fan 10:00 am @panteras.puebla vs. Tlacuaches ENAH 01:00 pm @panteras.puebla vs. Universidad Aut\u00f3noma de Tabasco. 03:00 pm @panteras.puebla vs. Dorados Playa del Carmen. DOMINGO 8:00 am @panteras.puebla vs. Venados CENHCH Deportivo Quetzalcoatl San Andr\u00e9s Cholula. BE THERE!<\/a><\/p>\n<p style=\"color: #c9c8cd; font-family: Arial,sans-serif; font-size: 14px; line-height: 17px; margin-bottom: 0; margin-top: 8px; overflow: hidden; padding: 8px 0 7px; text-align: center; text-overflow: ellipsis; white-space: nowrap;\">A post shared by Rebeca Landa (@larebecalanda) on <time style=\"font-family: Arial,sans-serif; font-size: 14px; line-height: 17px;\" datetime=\"2017-06-03T14:23:38+00:00\">Jun 3, 2017 at 7:23am PDT<\/time><\/p>\n<\/div>\n<\/blockquote>\n<p><script async defer src=\"\/\/platform.instagram.com\/en_US\/embeds.js\"><\/script><\/p>\n<p>\u201cHoy empec\u00e9 el trabajo de mis sue\u00f1os. Si hay pero no encuentro las palabras para explicar lo que siento de llegar hasta aqu\u00ed. O apenas hasta aqu\u00ed. Apenas aqu\u00ed porque lo \u00fanico que tengo es una semilla que poooor fin tiene ra\u00edces, pero eso s\u00ed, ya est\u00e1 lista para crecer ramas\u201d, se\u00f1al\u00f3 <strong>Rebeca Landa<\/strong> en su Facebook.<\/p>\n<blockquote class=\"instagram-media\" style=\"background: #FFF; border: 0; border-radius: 3px; box-shadow: 0 0 1px 0 rgba(0,0,0,0.5),0 1px 10px 0 rgba(0,0,0,0.15); margin: 1px; max-width: 658px; padding: 0; width: calc(100% - 2px);\" data-instgrm-captioned=\"\" data-instgrm-version=\"7\">\n<div style=\"padding: 8px;\">\n<div style=\"background: #F8F8F8; line-height: 0; margin-top: 40px; padding: 37.5% 0; text-align: center; width: 100%;\"><\/div>\n<p style=\"margin: 8px 0 0 0; padding: 0 4px;\"><a style=\"color: #000; font-family: Arial,sans-serif; font-size: 14px; font-style: normal; font-weight: normal; line-height: 17px; text-decoration: none; word-wrap: break-word;\" href=\"https:\/\/www.instagram.com\/p\/BWGwEG8HKOx\/\" target=\"_blank\" rel=\"noopener noreferrer\">Hoy empec\u00e9 el trabajo de mis sue\u00f1os \u2764\ufe0f&#8230; la descripci\u00f3n completa est\u00e1 en mi p\u00e1gina de facebook rebecalandaoficial \u270c&#x1f3fc;<\/a><\/p>\n<p style=\"color: #c9c8cd; font-family: Arial,sans-serif; font-size: 14px; line-height: 17px; margin-bottom: 0; margin-top: 8px; overflow: hidden; padding: 8px 0 7px; text-align: center; text-overflow: ellipsis; white-space: nowrap;\">A post shared by Rebeca Landa (@larebecalanda) on <time style=\"font-family: Arial,sans-serif; font-size: 14px; line-height: 17px;\" datetime=\"2017-07-04T01:02:21+00:00\">Jul 3, 2017 at 6:02pm PDT<\/time><\/p>\n<\/div>\n<\/blockquote>\n<p><script async defer src=\"\/\/platform.instagram.com\/en_US\/embeds.js\"><\/script><\/p>\n<p><img decoding=\"async\" src=\"https:\/\/media.metrolatam.com\/2017\/08\/14\/132448811544550655848743345513813084995632n.jpg\" \/><\/p>\n<p>&nbsp;<\/p>\n","protected":false},"excerpt":{"rendered":"<p>La conductora presumi\u00f3 su llegada a la cadena.<\/p>\n","protected":false},"author":78,"featured_media":494051,"comment_status":"closed","ping_status":"closed","sticky":false,"template":"","format":"standard","meta":[],"categories":[5419],"tags":[5460,5448,9755],"_links":{"self":[{"href":"http:\/\/desarrollo.grupomedios.com\/futbol\/wp-json\/wp\/v2\/posts\/494042"}],"collection":[{"href":"http:\/\/desarrollo.grupomedios.com\/futbol\/wp-json\/wp\/v2\/posts"}],"about":[{"href":"http:\/\/desarrollo.grupomedios.com\/futbol\/wp-json\/wp\/v2\/types\/post"}],"author":[{"embeddable":true,"href":"http:\/\/desarrollo.grupomedios.com\/futbol\/wp-json\/wp\/v2\/users\/78"}],"replies":[{"embeddable":true,"href":"http:\/\/desarrollo.grupomedios.com\/futbol\/wp-json\/wp\/v2\/comments?post=494042"}],"version-history":[{"count":1,"href":"http:\/\/desarrollo.grupomedios.com\/futbol\/wp-json\/wp\/v2\/posts\/494042\/revisions"}],"predecessor-version":[{"id":494052,"href":"http:\/\/desarrollo.grupomedios.com\/futbol\/wp-json\/wp\/v2\/posts\/494042\/revisions\/494052"}],"wp:featuredmedia":[{"embeddable":true,"href":"http:\/\/desarrollo.grupomedios.com\/futbol\/wp-json\/wp\/v2\/media\/494051"}],"wp:attachment":[{"href":"http:\/\/desarrollo.grupomedios.com\/futbol\/wp-json\/wp\/v2\/media?parent=494042"}],"wp:term":[{"taxonomy":"category","embeddable":true,"href":"http:\/\/desarrollo.grupomedios.com\/futbol\/wp-json\/wp\/v2\/categories?post=494042"},{"taxonomy":"post_tag","embeddable":true,"href":"http:\/\/desarrollo.grupomedios.com\/futbol\/wp-json\/wp\/v2\/tags?post=494042"}],"curies":[{"name":"wp","href":"https:\/\/api.w.org\/{rel}","templated":true}]}}