{"id":494055,"date":"2017-08-15T14:29:09","date_gmt":"2017-08-15T19:29:09","guid":{"rendered":"https:\/\/www.futboltotal.com.mx\/?p=494055"},"modified":"2017-08-15T14:29:09","modified_gmt":"2017-08-15T19:29:09","slug":"dani-alves-muestra-lado-romantico-en-instagram","status":"publish","type":"post","link":"http:\/\/desarrollo.grupomedios.com\/futbol\/futbol-internacional\/dani-alves-muestra-lado-romantico-en-instagram\/2017\/08","title":{"rendered":"Dani Alves muestra su lado m\u00e1s rom\u00e1ntico en Instagram"},"content":{"rendered":"<p>El futbolista brasile\u00f1o Dani Alves mostr\u00f3 sus dotes de conquistador en sus redes sociales y emul\u00f3 una imagen del Pato Donald y Daisy, a lado de su esposa Joana Sanz.<\/p>\n<p>Dani Alves es uno de los futbolistas de moda en los \u00faltimos meses, en parte por su boda secreta con la modelo de 22 a\u00f1os, y en el aspecto futbol\u00edstico por su traspaso al PSG y ser parte vital en el fichaje de Neymar por el equipo parisino.<\/p>\n<p>El brasile\u00f1o ha mostrado su amor por Joana Sanz en distintas postales publicadas en redes sociales, y ahora quiso emular la imagen del Pato Donald con su esposa, en una relaci\u00f3n que se muestra m\u00e1s fuerte que nunca.<\/p>\n<blockquote class=\"instagram-media\" style=\"background: #FFF; border: 0; border-radius: 3px; box-shadow: 0 0 1px 0 rgba(0,0,0,0.5),0 1px 10px 0 rgba(0,0,0,0.15); margin: 1px; max-width: 658px; padding: 0; width: calc(100% - 2px);\" data-instgrm-captioned=\"\" data-instgrm-version=\"7\">\n<div style=\"padding: 8px;\">\n<div style=\"background: #F8F8F8; line-height: 0; margin-top: 40px; padding: 50.0% 0; text-align: center; width: 100%;\"><\/div>\n<p style=\"margin: 8px 0 0 0; padding: 0 4px;\"><a style=\"color: #000; font-family: Arial,sans-serif; font-size: 14px; font-style: normal; font-weight: normal; line-height: 17px; text-decoration: none; word-wrap: break-word;\" href=\"https:\/\/www.instagram.com\/p\/BX0haJGAyCu\/\" target=\"_blank\" rel=\"noopener noreferrer\">&#8220;Togedinhos&#8221; \u2665\ufe0f<\/a><\/p>\n<p style=\"color: #c9c8cd; font-family: Arial,sans-serif; font-size: 14px; line-height: 17px; margin-bottom: 0; margin-top: 8px; overflow: hidden; padding: 8px 0 7px; text-align: center; text-overflow: ellipsis; white-space: nowrap;\">Una publicaci\u00f3n compartida de DanialvesD2 My Twitter (@danialves) el <time style=\"font-family: Arial,sans-serif; font-size: 14px; line-height: 17px;\" datetime=\"2017-08-15T16:10:45+00:00\">15 de Ago de 2017 a la(s) 9:10 PDT<\/time><\/p>\n<\/div>\n<\/blockquote>\n<p><script async defer src=\"\/\/platform.instagram.com\/en_US\/embeds.js\"><\/script><\/p>\n","protected":false},"excerpt":{"rendered":"<p>El jugador del PSG y su esposa Joana Sanz disfrutan a lado del Pato Donald<\/p>\n","protected":false},"author":20,"featured_media":494062,"comment_status":"closed","ping_status":"closed","sticky":false,"template":"","format":"standard","meta":[],"categories":[5419,3839,9609],"tags":[5983,9757,9758],"_links":{"self":[{"href":"http:\/\/desarrollo.grupomedios.com\/futbol\/wp-json\/wp\/v2\/posts\/494055"}],"collection":[{"href":"http:\/\/desarrollo.grupomedios.com\/futbol\/wp-json\/wp\/v2\/posts"}],"about":[{"href":"http:\/\/desarrollo.grupomedios.com\/futbol\/wp-json\/wp\/v2\/types\/post"}],"author":[{"embeddable":true,"href":"http:\/\/desarrollo.grupomedios.com\/futbol\/wp-json\/wp\/v2\/users\/20"}],"replies":[{"embeddable":true,"href":"http:\/\/desarrollo.grupomedios.com\/futbol\/wp-json\/wp\/v2\/comments?post=494055"}],"version-history":[{"count":1,"href":"http:\/\/desarrollo.grupomedios.com\/futbol\/wp-json\/wp\/v2\/posts\/494055\/revisions"}],"predecessor-version":[{"id":494065,"href":"http:\/\/desarrollo.grupomedios.com\/futbol\/wp-json\/wp\/v2\/posts\/494055\/revisions\/494065"}],"wp:featuredmedia":[{"embeddable":true,"href":"http:\/\/desarrollo.grupomedios.com\/futbol\/wp-json\/wp\/v2\/media\/494062"}],"wp:attachment":[{"href":"http:\/\/desarrollo.grupomedios.com\/futbol\/wp-json\/wp\/v2\/media?parent=494055"}],"wp:term":[{"taxonomy":"category","embeddable":true,"href":"http:\/\/desarrollo.grupomedios.com\/futbol\/wp-json\/wp\/v2\/categories?post=494055"},{"taxonomy":"post_tag","embeddable":true,"href":"http:\/\/desarrollo.grupomedios.com\/futbol\/wp-json\/wp\/v2\/tags?post=494055"}],"curies":[{"name":"wp","href":"https:\/\/api.w.org\/{rel}","templated":true}]}}