{"id":494070,"date":"2017-08-15T14:42:59","date_gmt":"2017-08-15T19:42:59","guid":{"rendered":"https:\/\/www.futboltotal.com.mx\/?p=494070"},"modified":"2017-08-15T14:42:59","modified_gmt":"2017-08-15T19:42:59","slug":"iniesta-baja-para-la-vuelta-de-la-supercopa-de-espana","status":"publish","type":"post","link":"http:\/\/desarrollo.grupomedios.com\/futbol\/futbol-internacional\/iniesta-baja-para-la-vuelta-de-la-supercopa-de-espana\/2017\/08","title":{"rendered":"Iniesta, baja para la vuelta de la Supercopa de Espa\u00f1a"},"content":{"rendered":"<p>El centrocampista del <strong>Barcelona<\/strong> <strong>Andr\u00e9s Iniesta<\/strong> es baja por lesi\u00f3n para el partido de vuelta de la <strong>Supercopa de Espa\u00f1a<\/strong> que el conjunto azulgrana disputar\u00e1 ma\u00f1ana (23.00 horas) contra el <strong>Real Madrid<\/strong> en el Santiago Bernab\u00e9u.<\/p>\n<p>Iniesta, titular en el &#8216;Cl\u00e1sico&#8217; del pasado domingo en el Camp Nou, no se ha entrenado esta tarde por una contusi\u00f3n muscular en su pierna derecha, seg\u00fan han informado los servicios m\u00e9dicos del club catal\u00e1n.<\/p>\n<p style=\"text-align: center;\"><span style=\"color: #333399;\"><a style=\"color: #333399;\" href=\"https:\/\/www.futboltotal.com.mx\/2017\/08\/ex-esposa-rafa-marquez-pensaria-demandarlo\/\">VER M\u00c1S:\u00a0<span class=\"item-title\">Ex esposa de Rafa M\u00e1rquez pensar\u00eda en demandarlo<\/span><\/a><\/span><\/p>\n<p style=\"text-align: left;\">Su plaza en la convocatoria la ha ocupado Andr\u00e9 Gomes, aunque el t\u00e9cnico barcelonista, Ernesto Valverde, tambi\u00e9n ha llamado al canterano Carles Ale\u00f1a para completar la lista.<\/p>\n<p>En total son 19 de los jugadores que viajar\u00e1n a Madrid: Ter Stegen, Cillessen, Aleix Vidal, Semedo, Piqu\u00e9, Umtiti, Mascherano, Jordi Alba, Digne, Sergio Busquets, Rakitic, Sergi Roberto, Andr\u00e9 Gomes, Denis Su\u00e1rez, Ale\u00f1\u00e0, Messi, Luis Su\u00e1rez, Deulofeu y Paco Alc\u00e1cer.<\/p>\n<p style=\"text-align: center;\"><span style=\"color: #333399;\"><a style=\"color: #333399;\" href=\"https:\/\/www.futboltotal.com.mx\/2017\/08\/hermosillo-tiene-puertas-cerradas-cruz-azul-hermosillo\/\">VER M\u00c1S:\u00a0<span class=\"item-title\">\u201cHermosillo tiene las puertas cerradas en Cruz Azul\u201d: Billy \u00c1lvarez<\/span><\/a><\/span><\/p>\n","protected":false},"excerpt":{"rendered":"<p>El &#8216;Fantasmita&#8217; no ser\u00e1 de la partida en el Bernab\u00e9u<\/p>\n","protected":false},"author":144,"featured_media":494075,"comment_status":"closed","ping_status":"closed","sticky":false,"template":"","format":"standard","meta":[],"categories":[3839,3844],"tags":[5984,1293,5988],"_links":{"self":[{"href":"http:\/\/desarrollo.grupomedios.com\/futbol\/wp-json\/wp\/v2\/posts\/494070"}],"collection":[{"href":"http:\/\/desarrollo.grupomedios.com\/futbol\/wp-json\/wp\/v2\/posts"}],"about":[{"href":"http:\/\/desarrollo.grupomedios.com\/futbol\/wp-json\/wp\/v2\/types\/post"}],"author":[{"embeddable":true,"href":"http:\/\/desarrollo.grupomedios.com\/futbol\/wp-json\/wp\/v2\/users\/144"}],"replies":[{"embeddable":true,"href":"http:\/\/desarrollo.grupomedios.com\/futbol\/wp-json\/wp\/v2\/comments?post=494070"}],"version-history":[{"count":1,"href":"http:\/\/desarrollo.grupomedios.com\/futbol\/wp-json\/wp\/v2\/posts\/494070\/revisions"}],"predecessor-version":[{"id":494076,"href":"http:\/\/desarrollo.grupomedios.com\/futbol\/wp-json\/wp\/v2\/posts\/494070\/revisions\/494076"}],"wp:featuredmedia":[{"embeddable":true,"href":"http:\/\/desarrollo.grupomedios.com\/futbol\/wp-json\/wp\/v2\/media\/494075"}],"wp:attachment":[{"href":"http:\/\/desarrollo.grupomedios.com\/futbol\/wp-json\/wp\/v2\/media?parent=494070"}],"wp:term":[{"taxonomy":"category","embeddable":true,"href":"http:\/\/desarrollo.grupomedios.com\/futbol\/wp-json\/wp\/v2\/categories?post=494070"},{"taxonomy":"post_tag","embeddable":true,"href":"http:\/\/desarrollo.grupomedios.com\/futbol\/wp-json\/wp\/v2\/tags?post=494070"}],"curies":[{"name":"wp","href":"https:\/\/api.w.org\/{rel}","templated":true}]}}