{"id":494105,"date":"2017-08-16T16:05:08","date_gmt":"2017-08-16T21:05:08","guid":{"rendered":"https:\/\/www.futboltotal.com.mx\/?p=494105"},"modified":"2017-08-16T18:00:08","modified_gmt":"2017-08-16T23:00:08","slug":"en-vivo-real-madrid-vs-barcelona-supercopa-espana","status":"publish","type":"post","link":"http:\/\/desarrollo.grupomedios.com\/futbol\/futbol-internacional\/en-vivo-real-madrid-vs-barcelona-supercopa-espana\/2017\/08","title":{"rendered":"AS\u00cd SE VIVI\u00d3 |\u00a0Real Madrid 2-0 Barcelona | Supercopa de Espa\u00f1a"},"content":{"rendered":"<p>Sin <strong>Cristiano Ronaldo<\/strong> pero con una ventaja de 3-1 en la ida, <strong>Real Madrid<\/strong> recibe al Barcelona en la vuelta de la <strong>Supercopa de Espa\u00f1a<\/strong>.<\/p>\n<iframe src=\"https:\/\/en-vivo.futboltotal.com.mx\/embed.php\/?id=214\" width=\"100%\" id=\"frame_minuto\"><\/iframe>\n<p>En Madrid,\u00a0perfilan a Marco Asensio como el jugador que ocupar\u00eda la titularidad en lugar de Cristiano Ronaldo, quien fue expulsado y castigado cinco partidos por empujar al \u00e1rbitro del duelo de ida, Ricardo de Burgos Bengoetxea.<\/p>\n<p>El entrenador del <strong>Barcelona<\/strong>, <strong>Ernesto Valverde<\/strong>, ha negado que en el vestuario del conjunto azulgrana se haya asumido que, ahora mismo, el Real Madrid est\u00e1 un pelda\u00f1o por encima de resto.<\/p>\n<p>VER M\u00c1S:\u00a0<span style=\"color: #333399;\"><a style=\"color: #333399;\" href=\"https:\/\/www.futboltotal.com.mx\/2017\/08\/en-barcelona-creen-real-madrid-sea-mejor\/\">En Barcelona no creen que el Real Madrid sea mejor que ellos<\/a><\/span><\/p>\n<p>\u201c\u00bfAsumir que el <strong>Madrid<\/strong> es mejor que nosotros de forma sistem\u00e1tica? Ni el Atl\u00e9tico de Madrid ni el Bayern M\u00fanich. \u00bfPor qu\u00e9? El <strong>Madrid<\/strong> lo fue puntualmente, el domingo\u201d, ha contestado.<\/p>\n<p>El <strong>Bar\u00e7a<\/strong>\u00a0tendr\u00e1 una misi\u00f3n muy complicada, despu\u00e9s de la desventaja de dos goles que tiene en el parcial, y tampoco contar\u00e1 con su cuadro de lujo ya que tendr\u00e1 la baja por lesi\u00f3n de Andr\u00e9s Iniesta.<\/p>\n<p>Lionel Messi y Luis Su\u00e1rez ser\u00e1n los hombres en los que estar\u00e1 depositada la fe del barcelonismo.<\/p>\n<p>VER M\u00c1S:\u00a0<span style=\"color: #333399;\"><a style=\"color: #333399;\" href=\"https:\/\/www.futboltotal.com.mx\/2017\/08\/barcelona-manda-mensaje-a-real-madrid-video\/\">Barcelona manda mensaje a Real Madrid con video<\/a><\/span><\/p>\n","protected":false},"excerpt":{"rendered":"<p>Lionel Messi y el cuadro cul\u00e9 tienen la misi\u00f3n de remontar un 1-3 adverso.<\/p>\n","protected":false},"author":20,"featured_media":494330,"comment_status":"closed","ping_status":"closed","sticky":false,"template":"","format":"standard","meta":[],"categories":[3839,3844],"tags":[5984,5988,299],"_links":{"self":[{"href":"http:\/\/desarrollo.grupomedios.com\/futbol\/wp-json\/wp\/v2\/posts\/494105"}],"collection":[{"href":"http:\/\/desarrollo.grupomedios.com\/futbol\/wp-json\/wp\/v2\/posts"}],"about":[{"href":"http:\/\/desarrollo.grupomedios.com\/futbol\/wp-json\/wp\/v2\/types\/post"}],"author":[{"embeddable":true,"href":"http:\/\/desarrollo.grupomedios.com\/futbol\/wp-json\/wp\/v2\/users\/20"}],"replies":[{"embeddable":true,"href":"http:\/\/desarrollo.grupomedios.com\/futbol\/wp-json\/wp\/v2\/comments?post=494105"}],"version-history":[{"count":7,"href":"http:\/\/desarrollo.grupomedios.com\/futbol\/wp-json\/wp\/v2\/posts\/494105\/revisions"}],"predecessor-version":[{"id":494350,"href":"http:\/\/desarrollo.grupomedios.com\/futbol\/wp-json\/wp\/v2\/posts\/494105\/revisions\/494350"}],"wp:featuredmedia":[{"embeddable":true,"href":"http:\/\/desarrollo.grupomedios.com\/futbol\/wp-json\/wp\/v2\/media\/494330"}],"wp:attachment":[{"href":"http:\/\/desarrollo.grupomedios.com\/futbol\/wp-json\/wp\/v2\/media?parent=494105"}],"wp:term":[{"taxonomy":"category","embeddable":true,"href":"http:\/\/desarrollo.grupomedios.com\/futbol\/wp-json\/wp\/v2\/categories?post=494105"},{"taxonomy":"post_tag","embeddable":true,"href":"http:\/\/desarrollo.grupomedios.com\/futbol\/wp-json\/wp\/v2\/tags?post=494105"}],"curies":[{"name":"wp","href":"https:\/\/api.w.org\/{rel}","templated":true}]}}