{"id":494114,"date":"2017-08-15T17:38:28","date_gmt":"2017-08-15T22:38:28","guid":{"rendered":"https:\/\/www.futboltotal.com.mx\/?p=494114"},"modified":"2017-08-15T17:38:28","modified_gmt":"2017-08-15T22:38:28","slug":"club-chileno-homenajeara-alexis-vargas-aranguiz","status":"publish","type":"post","link":"http:\/\/desarrollo.grupomedios.com\/futbol\/futbol-internacional\/club-chileno-homenajeara-alexis-vargas-aranguiz\/2017\/08","title":{"rendered":"Club chileno homenajear\u00e1 a Alexis, Vargas y Ar\u00e1nguiz"},"content":{"rendered":"<p><a href=\"https:\/\/www.futboltotal.com.mx\/2017\/06\/en-chile-nos-conformamos-queremos-ganar-la-final-claudio-bravo\/\" target=\"_blank\" rel=\"noopener noreferrer\"><span style=\"color: #333399;\"><strong>Chile<\/strong><\/span><\/a> enfrentar\u00e1 el pr\u00f3ximo 5 de septiembre a <strong>Bolivia<\/strong>, en <strong>La Paz<\/strong>, por las eliminatorias rumbo a<strong> Rusia 2018,<\/strong> pero los jugadores andinos deber\u00e1n reportar antes en su tierra natal, situaci\u00f3n que ser\u00e1 bien aprovechada por el club <strong>Cobreloa<\/strong>.<\/p>\n<p>Y es que el club pretende hacer un peque\u00f1o homenaje a<strong><a href=\"https:\/\/www.futboltotal.com.mx\/2017\/08\/alexis-asusta-a-aficionados-del-arsenal-visita-a-paris\/\" target=\"_blank\" rel=\"noopener noreferrer\"><span style=\"color: #333399;\"> Alexis S\u00e1nchez<\/span><\/a>, <a href=\"https:\/\/www.futboltotal.com.mx\/2017\/08\/gignac-vence-a-edu-vargas-se-burla-en-redes\/\" target=\"_blank\" rel=\"noopener noreferrer\"><span style=\"color: #333399;\">Eduardo Vargas<\/span><\/a><\/strong> y <a href=\"https:\/\/www.futboltotal.com.mx\/2017\/06\/chile-vence-portugal-esta-final-copa-confederaciones\/\" target=\"_blank\" rel=\"noopener noreferrer\"><span style=\"color: #333399;\"><strong>Charles Ar\u00e1nguiz<\/strong><\/span><\/a>, jugadores que nacieron de la cantera del club entre 2005 y 2009.<\/p>\n<p style=\"text-align: center;\"><a href=\"https:\/\/www.futboltotal.com.mx\/2017\/08\/increible-maradona-golazo-a-sus-56-anos\/\" target=\"_blank\" rel=\"noopener noreferrer\"><span style=\"color: #333399;\">VER M\u00c1S:\u00a0\u00a1Incre\u00edble! Maradona hace golazo a sus 56 a\u00f1os<\/span><\/a><\/p>\n<p>La directiva del conjunto chileno tiene pensado que para el encuentro ante <strong>Deportes Copiap\u00f3<\/strong> del pr\u00f3ximo 3 de septiembre, los bicampeones de Am\u00e9rica reciban un peque\u00f1o homenaje en la cancha del <strong>Estadio Zorros del Desierto.<\/strong><\/p>\n<p>&#8220;Vamos a ver si podemos contar tambi\u00e9n con algunos de nuestros seleccionados en el partido pues le haremos un homenaje a los tres chicos que han llevado toda la carga en la Selecci\u00f3n como son Alexis, Charles y Vargas. Ojal\u00e1 nos puedan acompa\u00f1ar o puedan asistir al homenaje que como club queremos hacer&#8221;, declar\u00f3 el gerente del conjunto minero, <strong>Boros G\u00f3nz\u00e1lez<\/strong>, en entrevista con En la L\u00ednea.<\/p>\n<p style=\"text-align: center;\"><a href=\"https:\/\/www.futboltotal.com.mx\/2017\/08\/en-barcelona-creen-real-madrid-sea-mejor\/\" target=\"_blank\" rel=\"noopener noreferrer\"><span style=\"color: #333399;\">VER M\u00c1S:\u00a0En Barcelona no creen que el Real Madrid sea mejor que ellos<\/span><\/a><\/p>\n","protected":false},"excerpt":{"rendered":"<p>Merecido homenaje pera los tres andinos<\/p>\n","protected":false},"author":20,"featured_media":494132,"comment_status":"closed","ping_status":"closed","sticky":false,"template":"","format":"standard","meta":[],"categories":[3839],"tags":[6053,4655,9765,5994],"_links":{"self":[{"href":"http:\/\/desarrollo.grupomedios.com\/futbol\/wp-json\/wp\/v2\/posts\/494114"}],"collection":[{"href":"http:\/\/desarrollo.grupomedios.com\/futbol\/wp-json\/wp\/v2\/posts"}],"about":[{"href":"http:\/\/desarrollo.grupomedios.com\/futbol\/wp-json\/wp\/v2\/types\/post"}],"author":[{"embeddable":true,"href":"http:\/\/desarrollo.grupomedios.com\/futbol\/wp-json\/wp\/v2\/users\/20"}],"replies":[{"embeddable":true,"href":"http:\/\/desarrollo.grupomedios.com\/futbol\/wp-json\/wp\/v2\/comments?post=494114"}],"version-history":[{"count":1,"href":"http:\/\/desarrollo.grupomedios.com\/futbol\/wp-json\/wp\/v2\/posts\/494114\/revisions"}],"predecessor-version":[{"id":494133,"href":"http:\/\/desarrollo.grupomedios.com\/futbol\/wp-json\/wp\/v2\/posts\/494114\/revisions\/494133"}],"wp:featuredmedia":[{"embeddable":true,"href":"http:\/\/desarrollo.grupomedios.com\/futbol\/wp-json\/wp\/v2\/media\/494132"}],"wp:attachment":[{"href":"http:\/\/desarrollo.grupomedios.com\/futbol\/wp-json\/wp\/v2\/media?parent=494114"}],"wp:term":[{"taxonomy":"category","embeddable":true,"href":"http:\/\/desarrollo.grupomedios.com\/futbol\/wp-json\/wp\/v2\/categories?post=494114"},{"taxonomy":"post_tag","embeddable":true,"href":"http:\/\/desarrollo.grupomedios.com\/futbol\/wp-json\/wp\/v2\/tags?post=494114"}],"curies":[{"name":"wp","href":"https:\/\/api.w.org\/{rel}","templated":true}]}}