{"id":494131,"date":"2017-08-15T18:06:56","date_gmt":"2017-08-15T23:06:56","guid":{"rendered":"https:\/\/www.futboltotal.com.mx\/?p=494131"},"modified":"2017-08-15T18:06:56","modified_gmt":"2017-08-15T23:06:56","slug":"el-nuevo-amor-de-alan-pulido","status":"publish","type":"post","link":"http:\/\/desarrollo.grupomedios.com\/futbol\/futbol-mexicano\/el-nuevo-amor-de-alan-pulido\/2017\/08","title":{"rendered":"\u00bfAndrea, el nuevo amor de Alan Pulido?"},"content":{"rendered":"<p><strong>Alan Pulido<\/strong> sufri\u00f3 una lesi\u00f3n que lo ha dejado fuera de las canchas por gran parte del Torneo Apertura 2017. Sin embargo, eso no ha impedido que el delantero tapat\u00edo haya encontrado el amor de nuevo.<\/p>\n<p>El delantero de las <strong>Chivas<\/strong> tendr\u00eda el amor en el nombre de <strong>Andrea<\/strong>. Ella es una chica de 25 a\u00f1os y en sus cuentas de Instagram ha dejado varios mensajes sin destinatario claro, pero ser\u00eda el artillero tamaulipeco quien es el autor de algunos detalles rom\u00e1nticos que ha dado a conocer la dama.<\/p>\n<p>Pulido tuvo un romance intenso con la modelo Ileana Salas, donde incluso se habl\u00f3 de boda, pero al final no se llev\u00f3 a cabo, por razones que aludieron en\u00a0un enga\u00f1o por parte del jugador a ella.<\/p>\n<p><a href=\"https:\/\/www.futboltotal.com.mx\/wp-content\/uploads\/2017\/08\/andrea-1.jpg\"><img decoding=\"async\" loading=\"lazy\" class=\"alignnone wp-image-494135 size-full\" src=\"https:\/\/www.futboltotal.com.mx\/wp-content\/uploads\/2017\/08\/andrea-1.jpg\" alt=\"\u00bfAndrea, el nuevo amor de Alan Pulido? 0\" srcset=\"http:\/\/desarrollo.grupomedios.com\/futbol\/wp-content\/uploads\/2017\/08\/andrea-1.jpg 638w, http:\/\/desarrollo.grupomedios.com\/futbol\/wp-content\/uploads\/2017\/08\/andrea-1-255x300.jpg 255w\" sizes=\"(max-width: 638px) 100vw, 638px\" \/><\/a> <a href=\"https:\/\/www.futboltotal.com.mx\/wp-content\/uploads\/2017\/08\/andrea-2.jpg\"><img decoding=\"async\" loading=\"lazy\" class=\"alignnone wp-image-494136 size-full\" src=\"https:\/\/www.futboltotal.com.mx\/wp-content\/uploads\/2017\/08\/andrea-2.jpg\" alt=\"\u00bfAndrea, el nuevo amor de Alan Pulido? 1\" srcset=\"http:\/\/desarrollo.grupomedios.com\/futbol\/wp-content\/uploads\/2017\/08\/andrea-2.jpg 390w, http:\/\/desarrollo.grupomedios.com\/futbol\/wp-content\/uploads\/2017\/08\/andrea-2-170x300.jpg 170w\" sizes=\"(max-width: 390px) 100vw, 390px\" \/><\/a><\/p>\n","protected":false},"excerpt":{"rendered":"<p>Una chica de 25 a\u00f1os, de nombre Andrea, parece ser la &#8216;due\u00f1a de sus quincenas&#8217;<\/p>\n","protected":false},"author":20,"featured_media":494137,"comment_status":"closed","ping_status":"closed","sticky":false,"template":"","format":"standard","meta":[],"categories":[2198,3845],"tags":[1607,9766],"_links":{"self":[{"href":"http:\/\/desarrollo.grupomedios.com\/futbol\/wp-json\/wp\/v2\/posts\/494131"}],"collection":[{"href":"http:\/\/desarrollo.grupomedios.com\/futbol\/wp-json\/wp\/v2\/posts"}],"about":[{"href":"http:\/\/desarrollo.grupomedios.com\/futbol\/wp-json\/wp\/v2\/types\/post"}],"author":[{"embeddable":true,"href":"http:\/\/desarrollo.grupomedios.com\/futbol\/wp-json\/wp\/v2\/users\/20"}],"replies":[{"embeddable":true,"href":"http:\/\/desarrollo.grupomedios.com\/futbol\/wp-json\/wp\/v2\/comments?post=494131"}],"version-history":[{"count":1,"href":"http:\/\/desarrollo.grupomedios.com\/futbol\/wp-json\/wp\/v2\/posts\/494131\/revisions"}],"predecessor-version":[{"id":494138,"href":"http:\/\/desarrollo.grupomedios.com\/futbol\/wp-json\/wp\/v2\/posts\/494131\/revisions\/494138"}],"wp:featuredmedia":[{"embeddable":true,"href":"http:\/\/desarrollo.grupomedios.com\/futbol\/wp-json\/wp\/v2\/media\/494137"}],"wp:attachment":[{"href":"http:\/\/desarrollo.grupomedios.com\/futbol\/wp-json\/wp\/v2\/media?parent=494131"}],"wp:term":[{"taxonomy":"category","embeddable":true,"href":"http:\/\/desarrollo.grupomedios.com\/futbol\/wp-json\/wp\/v2\/categories?post=494131"},{"taxonomy":"post_tag","embeddable":true,"href":"http:\/\/desarrollo.grupomedios.com\/futbol\/wp-json\/wp\/v2\/tags?post=494131"}],"curies":[{"name":"wp","href":"https:\/\/api.w.org\/{rel}","templated":true}]}}