{"id":494134,"date":"2017-08-15T18:10:10","date_gmt":"2017-08-15T23:10:10","guid":{"rendered":"https:\/\/www.futboltotal.com.mx\/?p=494134"},"modified":"2017-08-15T18:10:10","modified_gmt":"2017-08-15T23:10:10","slug":"marco-fabian-no-descarta-operacion-espalda","status":"publish","type":"post","link":"http:\/\/desarrollo.grupomedios.com\/futbol\/futbol-internacional\/marco-fabian-no-descarta-operacion-espalda\/2017\/08","title":{"rendered":"Marco Fabi\u00e1n no descarta operaci\u00f3n de espalda"},"content":{"rendered":"<p>&nbsp;<\/p>\n<p>El jugador mexicano del <strong><a href=\"https:\/\/www.futboltotal.com.mx\/2017\/08\/eintracht-frankfurt-perdera-dos-meses-a-marco-fabian\/\" target=\"_blank\" rel=\"noopener noreferrer\"><span style=\"color: #333399;\">Eintracht Frankfurt<\/span><\/a>, <a href=\"https:\/\/www.futboltotal.com.mx\/2017\/08\/marco-fabian-tuvo-oferta-futbol-china\/\" target=\"_blank\" rel=\"noopener noreferrer\"><span style=\"color: #333399;\">Marco Fabi\u00e1n<\/span><\/a><\/strong>, contin\u00faa con molestias lumbares, por lo que no descarta cirug\u00eda, luego de haber sido descartado para jugar por un par de meses, as\u00ed lo declar\u00f3 el padre del futbolista para Mediotiempo.<\/p>\n<p style=\"text-align: center;\"><a href=\"https:\/\/www.futboltotal.com.mx\/2017\/08\/club-chileno-homenajeara-alexis-vargas-aranguiz\/\" target=\"_blank\" rel=\"noopener noreferrer\"><span style=\"color: #333399;\">VER M\u00c1S:\u00a0Club chileno homenajear\u00e1 a Alexis, Vargas y Ar\u00e1nguiz<\/span><\/a><\/p>\n<blockquote><p>&#8220;Est\u00e1 algo triste, pero mi hijo es muy fuerte, y saldr\u00e1 adelante. Trae problemas otra vez en la espalda y est\u00e1n esperando a que responda al tratamiento que le est\u00e1n dando. Tengo entendido que fue por un golpe, lo est\u00e1n tratando y espero que evolucione todo satisfactoriamente&#8221;.<\/p><\/blockquote>\n<p>&nbsp;<\/p>\n<p style=\"text-align: center;\"><a href=\"https:\/\/www.futboltotal.com.mx\/2017\/08\/increible-maradona-golazo-a-sus-56-anos\/\" target=\"_blank\" rel=\"noopener noreferrer\"><span style=\"color: #333399;\">VER M\u00c1S:\u00a0\u00a1Incre\u00edble! Maradona hace golazo a sus 56 a\u00f1os<\/span><\/a><\/p>\n<p>Cabe recordar que dicha lesi\u00f3n no le permitir\u00e1 estar en el arranque de la <a href=\"https:\/\/www.futboltotal.com.mx\/2017\/08\/bundesliga-destaca-a-pavel-pardo-video\/\" target=\"_blank\" rel=\"noopener noreferrer\"><span style=\"color: #333399;\"><strong>Bundesliga<\/strong><\/span><\/a>, sino tambi\u00e9n en los encuentros eliminatorios de la<a href=\"https:\/\/www.futboltotal.com.mx\/2017\/08\/seleccion-mexicana-ocupa-lugar-14-en-ranking-fifa\/\" target=\"_blank\" rel=\"noopener noreferrer\"><span style=\"color: #333399;\"><strong> Selecci\u00f3n Mexicana<\/strong><\/span><\/a> a inicios de septiembre ante <strong>Panam\u00e1<\/strong> y <strong>Costa Rica.<\/strong><\/p>\n<p>Por lo que la cirug\u00eda suena viable para <strong>De la Mora<\/strong>, tal como en alguna ocasi\u00f3n lo hiciera <a href=\"https:\/\/www.futboltotal.com.mx\/2017\/08\/abogado-asegura-marquez-y-raul-flores-no-se-conocen\/\" target=\"_blank\" rel=\"noopener noreferrer\"><span style=\"color: #333399;\"><strong>Rafael M\u00e1rquez<\/strong><\/span><\/a>, quien fue intervenido quir\u00fargicamente y se recuper\u00f3 para disputar la <strong>Copa Confederaciones.<\/strong><\/p>\n<p style=\"text-align: center;\"><a href=\"https:\/\/www.futboltotal.com.mx\/2017\/08\/en-barcelona-creen-real-madrid-sea-mejor\/\" target=\"_blank\" rel=\"noopener noreferrer\"><span style=\"color: #333399;\">VER M\u00c1S:\u00a0En Barcelona no creen que el Real Madrid sea mejor que ellos<\/span><\/a><\/p>\n<blockquote><p>&#8220;Hay que pedirle a Dios para que evoluciones este tratamiento y pueda salvar la cirug\u00eda, y si no, pues lo recomendable es que se opere como lo hizo Rafa M\u00e1rquez, que en poco tiempo ya estaba jugando. Si es algo que se tiene que eliminar, pues que se haga&#8221;.<\/p><\/blockquote>\n<p>&nbsp;<\/p>\n<p>&nbsp;<\/p>\n","protected":false},"excerpt":{"rendered":"<p>Fabi\u00e1n se someter\u00e1 a una cirug\u00eda de espalda en caso de ser necesario<\/p>\n","protected":false},"author":20,"featured_media":457749,"comment_status":"closed","ping_status":"closed","sticky":false,"template":"","format":"standard","meta":[],"categories":[3839,6718],"tags":[119,9071,131],"_links":{"self":[{"href":"http:\/\/desarrollo.grupomedios.com\/futbol\/wp-json\/wp\/v2\/posts\/494134"}],"collection":[{"href":"http:\/\/desarrollo.grupomedios.com\/futbol\/wp-json\/wp\/v2\/posts"}],"about":[{"href":"http:\/\/desarrollo.grupomedios.com\/futbol\/wp-json\/wp\/v2\/types\/post"}],"author":[{"embeddable":true,"href":"http:\/\/desarrollo.grupomedios.com\/futbol\/wp-json\/wp\/v2\/users\/20"}],"replies":[{"embeddable":true,"href":"http:\/\/desarrollo.grupomedios.com\/futbol\/wp-json\/wp\/v2\/comments?post=494134"}],"version-history":[{"count":1,"href":"http:\/\/desarrollo.grupomedios.com\/futbol\/wp-json\/wp\/v2\/posts\/494134\/revisions"}],"predecessor-version":[{"id":494140,"href":"http:\/\/desarrollo.grupomedios.com\/futbol\/wp-json\/wp\/v2\/posts\/494134\/revisions\/494140"}],"wp:featuredmedia":[{"embeddable":true,"href":"http:\/\/desarrollo.grupomedios.com\/futbol\/wp-json\/wp\/v2\/media\/457749"}],"wp:attachment":[{"href":"http:\/\/desarrollo.grupomedios.com\/futbol\/wp-json\/wp\/v2\/media?parent=494134"}],"wp:term":[{"taxonomy":"category","embeddable":true,"href":"http:\/\/desarrollo.grupomedios.com\/futbol\/wp-json\/wp\/v2\/categories?post=494134"},{"taxonomy":"post_tag","embeddable":true,"href":"http:\/\/desarrollo.grupomedios.com\/futbol\/wp-json\/wp\/v2\/tags?post=494134"}],"curies":[{"name":"wp","href":"https:\/\/api.w.org\/{rel}","templated":true}]}}